{"id":10722,"date":"2024-03-19T15:44:28","date_gmt":"2024-03-19T15:44:28","guid":{"rendered":"https:\/\/www.impactoneducation.org\/?p=10722"},"modified":"2024-04-03T18:32:10","modified_gmt":"2024-04-03T18:32:10","slug":"board-member-ema-lymans-24-year-career-empowering-bvsd-youth","status":"publish","type":"post","link":"https:\/\/www.impactoneducation.org\/es\/2024\/03\/19\/board-member-ema-lymans-24-year-career-empowering-bvsd-youth\/","title":{"rendered":"La carrera de 24 a\u00f1os de la miembro de la junta Ema Lyman empodera a los j\u00f3venes de BVSD"},"content":{"rendered":"<h1 class=\"wp-block-heading\"><strong>Actos diarios de impacto: la carrera de 24 a\u00f1os de la miembro de la junta directiva Ema Lyman empoderando a los j\u00f3venes de BVSD<\/strong><\/h1>\n\n\n\n<p><em>Por Alison Meyer<\/em><\/p>\n\n\n\n<p>Despu\u00e9s de dedicar 24 a\u00f1os a servir a los j\u00f3venes del Distrito Escolar del Valle de Boulder (BVSD), Ema Lyman no est\u00e1 interesada en medir los amplios logros de su carrera. En cambio, prefiere centrarse en el impacto que genera cada d\u00eda. \u201cAyudo en lo que puedo. Sonr\u00edo mucho y si me devuelven la sonrisa, lo he conseguido. No necesito saber si mis alumnos se convertir\u00e1n en historias de \u00e9xito; mi trabajo es incondicional\u201d.<\/p>\n\n\n\n<p>Lyman, un <a href=\"https:\/\/www.bvsd.org\/parents-students\/student-help\/mckinney-vento%20https:\/\/www.impactoneducation.org\/2023\/08\/18\/board-chair-david-ziegert-grateful-to-be-part-of-impact-on-educations-evolution\/\" target=\"_blank\" rel=\"noreferrer noopener\">Especialista de McKinney Vento y enlace de bienestar infantil<\/a>, brinda apoyo a los estudiantes que experimentan inestabilidad de vivienda y aquellos en el sistema de cuidado de crianza. Tambi\u00e9n es miembro de Impacto en la Educaci\u00f3n. <a href=\"https:\/\/www.impactoneducation.org\/es\/who-we-are\/people\/#board\" target=\"_blank\" rel=\"noreferrer noopener\">Junta Directiva<\/a>.&nbsp;<\/p>\n\n\n\n<p>Nacido y criado en Santiago, Chile, Lyman creci\u00f3 en una familia que valoraba profundamente la educaci\u00f3n. <\/p>\n\n\n\n<blockquote class=\"wp-block-quote is-layout-flow wp-block-quote-is-layout-flow\">\n<p>\u201cMis padres me inculcaron que la educaci\u00f3n era m\u00e1s importante que cualquier otra cosa\u201d, dijo. &quot;Educar por el bien de ser educado, no por el bien de avanzar en el estatus o la sociedad, conseguir un trabajo maravilloso o ser famoso&quot;.<\/p>\n<\/blockquote>\n\n\n\n<p>Mientras asist\u00eda a una escuela cat\u00f3lica para ni\u00f1as impartida por monjas estadounidenses e italianas, Lyman, que ya no est\u00e1 afiliada a ninguna religi\u00f3n, aprendi\u00f3 el valor de ayudar a los dem\u00e1s. \u201cPara las monjas no era importante ir a misa ni confesarse\u201d, dijo. \u201cLo importante era alimentar a la familia de la calle. Fui muy afortunada porque me ense\u00f1aron el deber c\u00edvico y el apoyo social\u201d.<\/p>\n\n\n\n<h2 class=\"wp-block-heading\"><strong>Nueva cultura, mismo compromiso<\/strong><\/h2>\n\n\n\n<p>Despu\u00e9s de terminar la escuela secundaria, Lyman comenz\u00f3 a estudiar arquitectura. Por esa \u00e9poca, la empresa de su padre lo traslad\u00f3 a una oficina en Denver, Colorado, y toda la familia se mud\u00f3 con \u00e9l. Lyman termin\u00f3 la universidad en la Universidad de Colorado en Boulder, donde obtuvo un t\u00edtulo en planificaci\u00f3n y dise\u00f1o ambiental.<\/p>\n\n\n\n<p>Poco despu\u00e9s de graduarse, Lyman se cas\u00f3 y tuvo tres hijos. \u201cPude ser ama de casa, que es lo que siempre quise\u201d, comparti\u00f3. Curiosa por la experiencia de sus hijos en una escuela norteamericana, Lyman se convirti\u00f3 en voluntaria activa de BVSD. Mientras se ofrec\u00eda como voluntaria, Lyman empez\u00f3 a notar cambios demogr\u00e1ficos en el distrito. <\/p>\n\n\n\n<blockquote class=\"wp-block-quote is-layout-flow wp-block-quote-is-layout-flow\">\n<p>\u201cHab\u00eda muchos m\u00e1s ni\u00f1os de color y hablantes de una segunda lengua, y no hab\u00eda apoyo para ellos\u201d. <\/p>\n<\/blockquote>\n\n\n\n<p>Esa experiencia de primera mano permanecer\u00eda con Lyman y eventualmente la traer\u00eda de regreso al distrito escolar. A medida que sus hijos crecieron, Lyman empez\u00f3 a trabajar como dise\u00f1adora de interiores. Despu\u00e9s de una carrera de diez a\u00f1os, Lyman no pod\u00eda negar su deseo de hacer algo con respecto a la disparidad que ve\u00eda entre las escuelas y sus clientes. \u201cAprend\u00ed cu\u00e1nto dinero tiene este estado, ciudad y este pa\u00eds\u201d, dijo. &quot;Sab\u00eda que era imperativo canalizar todo eso hacia algo que mejorara la comunidad y la sociedad en general&quot;.<\/p>\n\n\n\n<h2 class=\"wp-block-heading\"><strong>Oficialmente un educador<\/strong><\/h2>\n\n\n\n<p>Lyman tom\u00f3 medidas sobre todo lo que hab\u00eda aprendido hasta ahora y solicit\u00f3 un trabajo en BVSD y fue contratada de inmediato. Inicialmente, trabaj\u00f3 en la Oficina de Inscripci\u00f3n Abierta y luego como enlace comunitario y asesora de idioma. Lyman, que ten\u00eda 50 a\u00f1os y quer\u00eda saber m\u00e1s sobre c\u00f3mo ayudar a los estudiantes de ingl\u00e9s, regres\u00f3 a la escuela. Obtuvo su maestr\u00eda en educaci\u00f3n multicultural y de ingl\u00e9s como segundo idioma.&nbsp;<\/p>\n\n\n\n<p>A trav\u00e9s de su trabajo en las escuelas, Lyman aprendi\u00f3 sobre Impacto en la Educaci\u00f3n y finalmente se uni\u00f3 a su junta directiva. <\/p>\n\n\n\n<blockquote class=\"wp-block-quote is-layout-flow wp-block-quote-is-layout-flow\">\n<p>\u201cPara m\u00ed fue un matrimonio natural ser voluntario con ellos porque ya estaba muy involucrado y consciente de todo lo que hacen y brindan a nuestra comunidad\u201d. <\/p>\n<\/blockquote>\n\n\n\n<p>Como alguien que ha trabajado directamente con los beneficiarios del apoyo de Impact on Education, Lyman sabe de primera mano <a href=\"https:\/\/www.impactoneducation.org\/es\/what-we-do\/\" target=\"_blank\" rel=\"noreferrer noopener\">El papel fundamental que desempe\u00f1a la fundaci\u00f3n.<\/a> en las escuelas del Valle de Boulder.&nbsp;<\/p>\n\n\n\n<p>A trav\u00e9s de su enfoque de tomar cada d\u00eda como una oportunidad para dar, Lyman ha dedicado toda su vida a empoderar a los j\u00f3venes a trav\u00e9s de la educaci\u00f3n. \u201cObtener una medida de inmortalidad y \u00e9xito en la vida es capacitar y guiar a la pr\u00f3xima generaci\u00f3n, sean o no tus hijos. Fue un mensaje que me dieron las monjas a quienes amaba tanto y todav\u00eda lo creo\u201d.<\/p>\n\n\n\n<div style=\"height:10px\" aria-hidden=\"true\" class=\"wp-block-spacer\"><\/div>\n\n\n\n<h2 class=\"wp-block-heading has-text-align-center has-blue-green-color has-light-green-background-color has-text-color has-background\">ANTES DE QUE TE VAYAS<\/h2>\n\n\n\n<p>Impact on Education es una organizaci\u00f3n independiente sin fines de lucro que apoya al Distrito Escolar del Valle de Boulder. Dependemos de la generosidad de nuestra comunidad para llevar a cabo nuestra misi\u00f3n.<\/p>\n\n\n\n<p><strong>\u00bfNos ayudar\u00e1s a brindar oportunidades y recursos a los estudiantes locales?<\/strong><\/p>\n\n\n\n<div class=\"wp-block-buttons is-content-justification-center is-layout-flex wp-container-core-buttons-is-layout-16018d1d wp-block-buttons-is-layout-flex\">\n<div class=\"wp-block-button\"><a class=\"wp-block-button__link has-blue-green-background-color has-background has-text-align-center wp-element-button\" href=\"https:\/\/impactoneducation.donorsupport.co\/-\/XKWATYTH\" style=\"border-radius:0px\">DAR HOY<\/a><\/div>\n<\/div>","protected":false},"excerpt":{"rendered":"<p>Ema Lyman es especialista de McKinney Vento y enlace de bienestar infantil con el Distrito Escolar del Valle de Boulder y miembro de nuestra Junta Directiva. Conozca su infancia en Chile, su trayectoria educativa y por qu\u00e9 se dedica a empoderar a los j\u00f3venes a trav\u00e9s de la educaci\u00f3n.<\/p>","protected":false},"author":3,"featured_media":10729,"comment_status":"closed","ping_status":"open","sticky":false,"template":"","format":"standard","meta":{"_acf_changed":false,"_monsterinsights_skip_tracking":false,"_monsterinsights_sitenote_active":false,"_monsterinsights_sitenote_note":"","_monsterinsights_sitenote_category":0,"footnotes":""},"categories":[68,74,51],"tags":[],"class_list":["post-10722","post","type-post","status-publish","format-standard","has-post-thumbnail","hentry","category-mission-moments","category-news-page","category-our-team"],"acf":[],"yoast_head":"<!-- This site is optimized with the Yoast SEO plugin v27.4 - https:\/\/yoast.com\/product\/yoast-seo-wordpress\/ -->\n<title>Board member Ema Lyman&#039;s 24-year career empowering BVSD youth<\/title>\n<meta name=\"description\" content=\"Ema Lyman is a McKinney Vento specialist and child welfare liaison with Boulder Valley School District and a member of our Board of Directors.\" \/>\n<meta name=\"robots\" content=\"index, follow, max-snippet:-1, max-image-preview:large, max-video-preview:-1\" \/>\n<link rel=\"canonical\" href=\"https:\/\/www.impactoneducation.org\/es\/2024\/03\/19\/board-member-ema-lymans-24-year-career-empowering-bvsd-youth\/\" \/>\n<meta property=\"og:locale\" content=\"es_MX\" \/>\n<meta property=\"og:type\" content=\"article\" \/>\n<meta property=\"og:title\" content=\"Board member Ema Lyman&#039;s 24-year career empowering BVSD youth\" \/>\n<meta property=\"og:description\" content=\"Ema Lyman is a McKinney Vento specialist and child welfare liaison with Boulder Valley School District and a member of our Board of Directors.\" \/>\n<meta property=\"og:url\" content=\"https:\/\/www.impactoneducation.org\/es\/2024\/03\/19\/board-member-ema-lymans-24-year-career-empowering-bvsd-youth\/\" \/>\n<meta property=\"og:site_name\" content=\"Impact on Education\" \/>\n<meta property=\"article:publisher\" content=\"https:\/\/www.facebook.com\/ImpactonEducation\" \/>\n<meta property=\"article:published_time\" content=\"2024-03-19T15:44:28+00:00\" \/>\n<meta property=\"article:modified_time\" content=\"2024-04-03T18:32:10+00:00\" \/>\n<meta property=\"og:image\" content=\"https:\/\/www.impactoneducation.org\/wp-content\/uploads\/2024\/03\/IOE-article.jpg\" \/>\n\t<meta property=\"og:image:width\" content=\"754\" \/>\n\t<meta property=\"og:image:height\" content=\"557\" \/>\n\t<meta property=\"og:image:type\" content=\"image\/jpeg\" \/>\n<meta name=\"author\" content=\"Catherine Wessling\" \/>\n<meta name=\"twitter:card\" content=\"summary_large_image\" \/>\n<meta name=\"twitter:image\" content=\"https:\/\/www.impactoneducation.org\/wp-content\/uploads\/2024\/03\/IOE-article.jpg\" \/>\n<meta name=\"twitter:creator\" content=\"@ImpactOnEd\" \/>\n<meta name=\"twitter:site\" content=\"@ImpactOnEd\" \/>\n<meta name=\"twitter:label1\" content=\"Escrito por\" \/>\n\t<meta name=\"twitter:data1\" content=\"Catherine Wessling\" \/>\n\t<meta name=\"twitter:label2\" content=\"Tiempo de lectura\" \/>\n\t<meta name=\"twitter:data2\" content=\"3 minutos\" \/>\n<script type=\"application\/ld+json\" class=\"yoast-schema-graph\">{\"@context\":\"https:\\\/\\\/schema.org\",\"@graph\":[{\"@type\":\"Article\",\"@id\":\"https:\\\/\\\/www.impactoneducation.org\\\/2024\\\/03\\\/19\\\/board-member-ema-lymans-24-year-career-empowering-bvsd-youth\\\/#article\",\"isPartOf\":{\"@id\":\"https:\\\/\\\/www.impactoneducation.org\\\/2024\\\/03\\\/19\\\/board-member-ema-lymans-24-year-career-empowering-bvsd-youth\\\/\"},\"author\":{\"name\":\"Catherine Wessling\",\"@id\":\"https:\\\/\\\/www.impactoneducation.org\\\/#\\\/schema\\\/person\\\/53d6cf23cef01a9acec9e8afc78177b2\"},\"headline\":\"Board member Ema Lyman&#8217;s 24-year career empowering BVSD youth\",\"datePublished\":\"2024-03-19T15:44:28+00:00\",\"dateModified\":\"2024-04-03T18:32:10+00:00\",\"mainEntityOfPage\":{\"@id\":\"https:\\\/\\\/www.impactoneducation.org\\\/2024\\\/03\\\/19\\\/board-member-ema-lymans-24-year-career-empowering-bvsd-youth\\\/\"},\"wordCount\":688,\"publisher\":{\"@id\":\"https:\\\/\\\/www.impactoneducation.org\\\/#organization\"},\"image\":{\"@id\":\"https:\\\/\\\/www.impactoneducation.org\\\/2024\\\/03\\\/19\\\/board-member-ema-lymans-24-year-career-empowering-bvsd-youth\\\/#primaryimage\"},\"thumbnailUrl\":\"https:\\\/\\\/www.impactoneducation.org\\\/wp-content\\\/uploads\\\/2024\\\/03\\\/Ema-Lyman-IOE-Board-Member.jpg\",\"articleSection\":[\"Mission Moments\",\"NEWS PAGE\",\"Our Team\"],\"inLanguage\":\"es\"},{\"@type\":\"WebPage\",\"@id\":\"https:\\\/\\\/www.impactoneducation.org\\\/2024\\\/03\\\/19\\\/board-member-ema-lymans-24-year-career-empowering-bvsd-youth\\\/\",\"url\":\"https:\\\/\\\/www.impactoneducation.org\\\/2024\\\/03\\\/19\\\/board-member-ema-lymans-24-year-career-empowering-bvsd-youth\\\/\",\"name\":\"Board member Ema Lyman's 24-year career empowering BVSD youth\",\"isPartOf\":{\"@id\":\"https:\\\/\\\/www.impactoneducation.org\\\/#website\"},\"primaryImageOfPage\":{\"@id\":\"https:\\\/\\\/www.impactoneducation.org\\\/2024\\\/03\\\/19\\\/board-member-ema-lymans-24-year-career-empowering-bvsd-youth\\\/#primaryimage\"},\"image\":{\"@id\":\"https:\\\/\\\/www.impactoneducation.org\\\/2024\\\/03\\\/19\\\/board-member-ema-lymans-24-year-career-empowering-bvsd-youth\\\/#primaryimage\"},\"thumbnailUrl\":\"https:\\\/\\\/www.impactoneducation.org\\\/wp-content\\\/uploads\\\/2024\\\/03\\\/Ema-Lyman-IOE-Board-Member.jpg\",\"datePublished\":\"2024-03-19T15:44:28+00:00\",\"dateModified\":\"2024-04-03T18:32:10+00:00\",\"description\":\"Ema Lyman is a McKinney Vento specialist and child welfare liaison with Boulder Valley School District and a member of our Board of Directors.\",\"breadcrumb\":{\"@id\":\"https:\\\/\\\/www.impactoneducation.org\\\/2024\\\/03\\\/19\\\/board-member-ema-lymans-24-year-career-empowering-bvsd-youth\\\/#breadcrumb\"},\"inLanguage\":\"es\",\"potentialAction\":[{\"@type\":\"ReadAction\",\"target\":[\"https:\\\/\\\/www.impactoneducation.org\\\/2024\\\/03\\\/19\\\/board-member-ema-lymans-24-year-career-empowering-bvsd-youth\\\/\"]}]},{\"@type\":\"ImageObject\",\"inLanguage\":\"es\",\"@id\":\"https:\\\/\\\/www.impactoneducation.org\\\/2024\\\/03\\\/19\\\/board-member-ema-lymans-24-year-career-empowering-bvsd-youth\\\/#primaryimage\",\"url\":\"https:\\\/\\\/www.impactoneducation.org\\\/wp-content\\\/uploads\\\/2024\\\/03\\\/Ema-Lyman-IOE-Board-Member.jpg\",\"contentUrl\":\"https:\\\/\\\/www.impactoneducation.org\\\/wp-content\\\/uploads\\\/2024\\\/03\\\/Ema-Lyman-IOE-Board-Member.jpg\",\"width\":1800,\"height\":900},{\"@type\":\"BreadcrumbList\",\"@id\":\"https:\\\/\\\/www.impactoneducation.org\\\/2024\\\/03\\\/19\\\/board-member-ema-lymans-24-year-career-empowering-bvsd-youth\\\/#breadcrumb\",\"itemListElement\":[{\"@type\":\"ListItem\",\"position\":1,\"name\":\"Home\",\"item\":\"https:\\\/\\\/www.impactoneducation.org\\\/\"},{\"@type\":\"ListItem\",\"position\":2,\"name\":\"Board member Ema Lyman&#8217;s 24-year career empowering BVSD youth\"}]},{\"@type\":\"WebSite\",\"@id\":\"https:\\\/\\\/www.impactoneducation.org\\\/#website\",\"url\":\"https:\\\/\\\/www.impactoneducation.org\\\/\",\"name\":\"Impact on Education\",\"description\":\"Foundation for Boulder Valley Schools\",\"publisher\":{\"@id\":\"https:\\\/\\\/www.impactoneducation.org\\\/#organization\"},\"potentialAction\":[{\"@type\":\"SearchAction\",\"target\":{\"@type\":\"EntryPoint\",\"urlTemplate\":\"https:\\\/\\\/www.impactoneducation.org\\\/?s={search_term_string}\"},\"query-input\":{\"@type\":\"PropertyValueSpecification\",\"valueRequired\":true,\"valueName\":\"search_term_string\"}}],\"inLanguage\":\"es\"},{\"@type\":\"Organization\",\"@id\":\"https:\\\/\\\/www.impactoneducation.org\\\/#organization\",\"name\":\"Impact on Education\",\"url\":\"https:\\\/\\\/www.impactoneducation.org\\\/\",\"logo\":{\"@type\":\"ImageObject\",\"inLanguage\":\"es\",\"@id\":\"https:\\\/\\\/www.impactoneducation.org\\\/#\\\/schema\\\/logo\\\/image\\\/\",\"url\":\"https:\\\/\\\/www.impactoneducation.org\\\/wp-content\\\/uploads\\\/2020\\\/09\\\/Impact-logo-poly.png\",\"contentUrl\":\"https:\\\/\\\/www.impactoneducation.org\\\/wp-content\\\/uploads\\\/2020\\\/09\\\/Impact-logo-poly.png\",\"width\":3455,\"height\":890,\"caption\":\"Impact on Education\"},\"image\":{\"@id\":\"https:\\\/\\\/www.impactoneducation.org\\\/#\\\/schema\\\/logo\\\/image\\\/\"},\"sameAs\":[\"https:\\\/\\\/www.facebook.com\\\/ImpactonEducation\",\"https:\\\/\\\/x.com\\\/ImpactOnEd\",\"https:\\\/\\\/www.instagram.com\\\/impactoneducation\\\/\",\"https:\\\/\\\/www.youtube.com\\\/channel\\\/UCtCaQkVhXiowqiNrIXQ1Lkw\"]},{\"@type\":\"Person\",\"@id\":\"https:\\\/\\\/www.impactoneducation.org\\\/#\\\/schema\\\/person\\\/53d6cf23cef01a9acec9e8afc78177b2\",\"name\":\"Catherine Wessling\",\"image\":{\"@type\":\"ImageObject\",\"inLanguage\":\"es\",\"@id\":\"https:\\\/\\\/secure.gravatar.com\\\/avatar\\\/4a2b01991d3545378a3a7363d434e2407cbea881d07be7459f1b25271e64fa85?s=96&d=mm&r=g\",\"url\":\"https:\\\/\\\/secure.gravatar.com\\\/avatar\\\/4a2b01991d3545378a3a7363d434e2407cbea881d07be7459f1b25271e64fa85?s=96&d=mm&r=g\",\"contentUrl\":\"https:\\\/\\\/secure.gravatar.com\\\/avatar\\\/4a2b01991d3545378a3a7363d434e2407cbea881d07be7459f1b25271e64fa85?s=96&d=mm&r=g\",\"caption\":\"Catherine Wessling\"},\"url\":\"https:\\\/\\\/www.impactoneducation.org\\\/es\\\/author\\\/admin\\\/\"}]}<\/script>\n<!-- \/ Yoast SEO plugin. -->","yoast_head_json":{"title":"La trayectoria de 24 a\u00f1os de Ema Lyman, miembro de la junta directiva, empoderando a la juventud de BVSD.","description":"Ema Lyman es especialista en el programa McKinney Vento y enlace de bienestar infantil con el distrito escolar de Boulder Valley, adem\u00e1s de miembro de nuestra junta directiva.","robots":{"index":"index","follow":"follow","max-snippet":"max-snippet:-1","max-image-preview":"max-image-preview:large","max-video-preview":"max-video-preview:-1"},"canonical":"https:\/\/www.impactoneducation.org\/es\/2024\/03\/19\/board-member-ema-lymans-24-year-career-empowering-bvsd-youth\/","og_locale":"es_MX","og_type":"article","og_title":"Board member Ema Lyman's 24-year career empowering BVSD youth","og_description":"Ema Lyman is a McKinney Vento specialist and child welfare liaison with Boulder Valley School District and a member of our Board of Directors.","og_url":"https:\/\/www.impactoneducation.org\/es\/2024\/03\/19\/board-member-ema-lymans-24-year-career-empowering-bvsd-youth\/","og_site_name":"Impact on Education","article_publisher":"https:\/\/www.facebook.com\/ImpactonEducation","article_published_time":"2024-03-19T15:44:28+00:00","article_modified_time":"2024-04-03T18:32:10+00:00","og_image":[{"width":754,"height":557,"url":"https:\/\/www.impactoneducation.org\/wp-content\/uploads\/2024\/03\/IOE-article.jpg","type":"image\/jpeg"}],"author":"Catherine Wessling","twitter_card":"summary_large_image","twitter_image":"https:\/\/www.impactoneducation.org\/wp-content\/uploads\/2024\/03\/IOE-article.jpg","twitter_creator":"@ImpactOnEd","twitter_site":"@ImpactOnEd","twitter_misc":{"Escrito por":"Catherine Wessling","Tiempo de lectura":"3 minutos"},"schema":{"@context":"https:\/\/schema.org","@graph":[{"@type":"Article","@id":"https:\/\/www.impactoneducation.org\/2024\/03\/19\/board-member-ema-lymans-24-year-career-empowering-bvsd-youth\/#article","isPartOf":{"@id":"https:\/\/www.impactoneducation.org\/2024\/03\/19\/board-member-ema-lymans-24-year-career-empowering-bvsd-youth\/"},"author":{"name":"Catherine Wessling","@id":"https:\/\/www.impactoneducation.org\/#\/schema\/person\/53d6cf23cef01a9acec9e8afc78177b2"},"headline":"Board member Ema Lyman&#8217;s 24-year career empowering BVSD youth","datePublished":"2024-03-19T15:44:28+00:00","dateModified":"2024-04-03T18:32:10+00:00","mainEntityOfPage":{"@id":"https:\/\/www.impactoneducation.org\/2024\/03\/19\/board-member-ema-lymans-24-year-career-empowering-bvsd-youth\/"},"wordCount":688,"publisher":{"@id":"https:\/\/www.impactoneducation.org\/#organization"},"image":{"@id":"https:\/\/www.impactoneducation.org\/2024\/03\/19\/board-member-ema-lymans-24-year-career-empowering-bvsd-youth\/#primaryimage"},"thumbnailUrl":"https:\/\/www.impactoneducation.org\/wp-content\/uploads\/2024\/03\/Ema-Lyman-IOE-Board-Member.jpg","articleSection":["Mission Moments","NEWS PAGE","Our Team"],"inLanguage":"es"},{"@type":"WebPage","@id":"https:\/\/www.impactoneducation.org\/2024\/03\/19\/board-member-ema-lymans-24-year-career-empowering-bvsd-youth\/","url":"https:\/\/www.impactoneducation.org\/2024\/03\/19\/board-member-ema-lymans-24-year-career-empowering-bvsd-youth\/","name":"La trayectoria de 24 a\u00f1os de Ema Lyman, miembro de la junta directiva, empoderando a la juventud de BVSD.","isPartOf":{"@id":"https:\/\/www.impactoneducation.org\/#website"},"primaryImageOfPage":{"@id":"https:\/\/www.impactoneducation.org\/2024\/03\/19\/board-member-ema-lymans-24-year-career-empowering-bvsd-youth\/#primaryimage"},"image":{"@id":"https:\/\/www.impactoneducation.org\/2024\/03\/19\/board-member-ema-lymans-24-year-career-empowering-bvsd-youth\/#primaryimage"},"thumbnailUrl":"https:\/\/www.impactoneducation.org\/wp-content\/uploads\/2024\/03\/Ema-Lyman-IOE-Board-Member.jpg","datePublished":"2024-03-19T15:44:28+00:00","dateModified":"2024-04-03T18:32:10+00:00","description":"Ema Lyman es especialista en el programa McKinney Vento y enlace de bienestar infantil con el distrito escolar de Boulder Valley, adem\u00e1s de miembro de nuestra junta directiva.","breadcrumb":{"@id":"https:\/\/www.impactoneducation.org\/2024\/03\/19\/board-member-ema-lymans-24-year-career-empowering-bvsd-youth\/#breadcrumb"},"inLanguage":"es","potentialAction":[{"@type":"ReadAction","target":["https:\/\/www.impactoneducation.org\/2024\/03\/19\/board-member-ema-lymans-24-year-career-empowering-bvsd-youth\/"]}]},{"@type":"ImageObject","inLanguage":"es","@id":"https:\/\/www.impactoneducation.org\/2024\/03\/19\/board-member-ema-lymans-24-year-career-empowering-bvsd-youth\/#primaryimage","url":"https:\/\/www.impactoneducation.org\/wp-content\/uploads\/2024\/03\/Ema-Lyman-IOE-Board-Member.jpg","contentUrl":"https:\/\/www.impactoneducation.org\/wp-content\/uploads\/2024\/03\/Ema-Lyman-IOE-Board-Member.jpg","width":1800,"height":900},{"@type":"BreadcrumbList","@id":"https:\/\/www.impactoneducation.org\/2024\/03\/19\/board-member-ema-lymans-24-year-career-empowering-bvsd-youth\/#breadcrumb","itemListElement":[{"@type":"ListItem","position":1,"name":"Home","item":"https:\/\/www.impactoneducation.org\/"},{"@type":"ListItem","position":2,"name":"Board member Ema Lyman&#8217;s 24-year career empowering BVSD youth"}]},{"@type":"WebSite","@id":"https:\/\/www.impactoneducation.org\/#website","url":"https:\/\/www.impactoneducation.org\/","name":"Impacto en la educaci\u00f3n","description":"Fundaci\u00f3n para las Escuelas del Valle de Boulder","publisher":{"@id":"https:\/\/www.impactoneducation.org\/#organization"},"potentialAction":[{"@type":"SearchAction","target":{"@type":"EntryPoint","urlTemplate":"https:\/\/www.impactoneducation.org\/?s={search_term_string}"},"query-input":{"@type":"PropertyValueSpecification","valueRequired":true,"valueName":"search_term_string"}}],"inLanguage":"es"},{"@type":"Organization","@id":"https:\/\/www.impactoneducation.org\/#organization","name":"Impacto en la educaci\u00f3n","url":"https:\/\/www.impactoneducation.org\/","logo":{"@type":"ImageObject","inLanguage":"es","@id":"https:\/\/www.impactoneducation.org\/#\/schema\/logo\/image\/","url":"https:\/\/www.impactoneducation.org\/wp-content\/uploads\/2020\/09\/Impact-logo-poly.png","contentUrl":"https:\/\/www.impactoneducation.org\/wp-content\/uploads\/2020\/09\/Impact-logo-poly.png","width":3455,"height":890,"caption":"Impact on Education"},"image":{"@id":"https:\/\/www.impactoneducation.org\/#\/schema\/logo\/image\/"},"sameAs":["https:\/\/www.facebook.com\/ImpactonEducation","https:\/\/x.com\/ImpactOnEd","https:\/\/www.instagram.com\/impactoneducation\/","https:\/\/www.youtube.com\/channel\/UCtCaQkVhXiowqiNrIXQ1Lkw"]},{"@type":"Person","@id":"https:\/\/www.impactoneducation.org\/#\/schema\/person\/53d6cf23cef01a9acec9e8afc78177b2","name":"Catherine Wessling","image":{"@type":"ImageObject","inLanguage":"es","@id":"https:\/\/secure.gravatar.com\/avatar\/4a2b01991d3545378a3a7363d434e2407cbea881d07be7459f1b25271e64fa85?s=96&d=mm&r=g","url":"https:\/\/secure.gravatar.com\/avatar\/4a2b01991d3545378a3a7363d434e2407cbea881d07be7459f1b25271e64fa85?s=96&d=mm&r=g","contentUrl":"https:\/\/secure.gravatar.com\/avatar\/4a2b01991d3545378a3a7363d434e2407cbea881d07be7459f1b25271e64fa85?s=96&d=mm&r=g","caption":"Catherine Wessling"},"url":"https:\/\/www.impactoneducation.org\/es\/author\/admin\/"}]}},"_links":{"self":[{"href":"https:\/\/www.impactoneducation.org\/es\/wp-json\/wp\/v2\/posts\/10722","targetHints":{"allow":["GET"]}}],"collection":[{"href":"https:\/\/www.impactoneducation.org\/es\/wp-json\/wp\/v2\/posts"}],"about":[{"href":"https:\/\/www.impactoneducation.org\/es\/wp-json\/wp\/v2\/types\/post"}],"author":[{"embeddable":true,"href":"https:\/\/www.impactoneducation.org\/es\/wp-json\/wp\/v2\/users\/3"}],"replies":[{"embeddable":true,"href":"https:\/\/www.impactoneducation.org\/es\/wp-json\/wp\/v2\/comments?post=10722"}],"version-history":[{"count":11,"href":"https:\/\/www.impactoneducation.org\/es\/wp-json\/wp\/v2\/posts\/10722\/revisions"}],"predecessor-version":[{"id":10848,"href":"https:\/\/www.impactoneducation.org\/es\/wp-json\/wp\/v2\/posts\/10722\/revisions\/10848"}],"wp:featuredmedia":[{"embeddable":true,"href":"https:\/\/www.impactoneducation.org\/es\/wp-json\/wp\/v2\/media\/10729"}],"wp:attachment":[{"href":"https:\/\/www.impactoneducation.org\/es\/wp-json\/wp\/v2\/media?parent=10722"}],"wp:term":[{"taxonomy":"category","embeddable":true,"href":"https:\/\/www.impactoneducation.org\/es\/wp-json\/wp\/v2\/categories?post=10722"},{"taxonomy":"post_tag","embeddable":true,"href":"https:\/\/www.impactoneducation.org\/es\/wp-json\/wp\/v2\/tags?post=10722"}],"curies":[{"name":"gracias","href":"https:\/\/api.w.org\/{rel}","templated":true}]}}