{"id":11589,"date":"2024-12-31T18:34:11","date_gmt":"2024-12-31T18:34:11","guid":{"rendered":"https:\/\/www.impactoneducation.org\/?p=11589"},"modified":"2024-12-31T18:48:40","modified_gmt":"2024-12-31T18:48:40","slug":"from-a-first-generation-student-to-a-college-freshman-jair-ortegas-journey","status":"publish","type":"post","link":"https:\/\/www.impactoneducation.org\/es\/2024\/12\/31\/from-a-first-generation-student-to-a-college-freshman-jair-ortegas-journey\/","title":{"rendered":"De estudiante de primera generaci\u00f3n a estudiante universitario de primer a\u00f1o: la trayectoria de Jair Ortega"},"content":{"rendered":"<h1 class=\"wp-block-heading\">De estudiante de primera generaci\u00f3n a estudiante universitario de primer a\u00f1o: la trayectoria de Jair Ortega<\/h1>\n\n\n\n<p>Jair Ortega naci\u00f3 y se cri\u00f3 en Boulder. El campus de la Universidad de Colorado ocupaba un lugar preponderante en su vida. Para \u00e9l, era un s\u00edmbolo de oportunidad, aunque parec\u00eda algo inalcanzable. Jair se destac\u00f3 en la escuela, en particular en matem\u00e1ticas, pero las finanzas familiares ajustadas hicieron que afrontar el costo de la educaci\u00f3n fuera un desaf\u00edo desde una edad temprana. \u201cSiempre pens\u00e9 que la universidad ser\u00eda parte de mi historia\u201d, dijo Jair. \u201cPero las realidades financieras hicieron que pareciera que nunca podr\u00eda pagarla\u201d.<\/p>\n\n\n\n<p>Gracias a su arduo trabajo y al apoyo de sus padres, maestros e Impact on Education, Jair no solo logr\u00f3 llegar a la universidad, sino que ahora es un estudiante de primer a\u00f1o en CU Boulder, con planes de realizar una doble especializaci\u00f3n en finanzas y econom\u00eda.<\/p>\n\n\n\n<p>El recorrido de Jair con Impact on Education comenz\u00f3 en la escuela primaria Whittier Elementary. Cada a\u00f1o, antes de que comenzara el a\u00f1o escolar, visitaba un sal\u00f3n lleno de mochilas y eleg\u00eda cuidadosamente la que le gustaba. \u201cLas mochilas siempre estaban repletas de todos los \u00fatiles que necesitaba para el a\u00f1o\u201d, recuerda Jair. \u201cEso fue muy importante para mi familia y ahora s\u00e9 que Impact on Education se las proporciona a unos 5000 ni\u00f1os del Distrito Escolar del Valle de Boulder (BVSD) cada a\u00f1o\u201d.<\/p>\n\n\n\n<p>En quinto grado, Impact on Education se asegur\u00f3 de que Jair pudiera asistir a la excursi\u00f3n de Cal-Wood con sus compa\u00f1eros de clase, cubriendo las tasas que su familia no pod\u00eda afrontar. En la escuela secundaria, Impact on Education ayud\u00f3 a Jair a alcanzar sus metas acad\u00e9micas avanzadas cubriendo las tasas de los ex\u00e1menes AP y la prueba CLEP, lo que le permiti\u00f3 obtener 12 cr\u00e9ditos universitarios impresionantes en competencia en espa\u00f1ol.<\/p>\n\n\n\n<p>La oportunidad que m\u00e1s cambi\u00f3 la vida de Jair lleg\u00f3 en su \u00faltimo a\u00f1o de secundaria, cuando solicit\u00f3 la Beca Houston y recibi\u00f3 un premio de $20,000 distribuido en cuatro a\u00f1os. Establecida en 2023 por un generoso patrocinador de Impact on Education, la beca honra a los estudiantes que de otra manera no podr\u00edan asistir a la universidad sin el apoyo financiero de una beca. &quot;No pens\u00e9 que tuviera una oportunidad&quot;, admiti\u00f3 Jair. &quot;Cuando la obtuve, me qued\u00e9 impresionado. Me quit\u00f3 un gran peso de encima y me dio la libertad de perseguir mis metas&quot;.<\/p>\n\n\n\n<p>Ahora en el campus, Jair est\u00e1 aprendiendo a equilibrar un nuevo nivel de independencia, desde la gesti\u00f3n de los cursos hasta la limpieza de su dormitorio. Atribuye a Impact on Education no solo la beca, sino tambi\u00e9n los a\u00f1os de apoyo invisible. \u201cDesde la escuela primaria hasta la graduaci\u00f3n, han estado ah\u00ed de maneras que ni siquiera me hab\u00eda dado cuenta hasta hace poco\u201d, dijo Jair.<\/p>\n\n\n\n<p>La historia de Jair refleja la misi\u00f3n de Impact on Education de eliminar barreras y ampliar las oportunidades para los estudiantes de BVSD. A trav\u00e9s de programas como becas, \u00fatiles escolares y apoyo acad\u00e9mico, eliminan barreras y empoderan a los estudiantes para que alcancen su potencial.<\/p>\n\n\n\n<p>\u201cGracias a Impact on Education, estoy llegando a las estrellas\u201d, dijo Jair. \u201cUn d\u00eda, espero poder retribuir y ayudar a otros estudiantes de la misma manera que ellos me ayudaron a m\u00ed\u201d.<\/p>\n\n\n\n<h2 class=\"wp-block-heading has-text-align-center has-blue-green-color has-light-green-background-color has-text-color has-background\">ANTES DE QUE TE VAYAS<\/h2>\n\n\n\n<p>Impact on Education es una organizaci\u00f3n independiente sin fines de lucro que apoya al Distrito Escolar del Valle de Boulder. Dependemos de la generosidad de nuestra comunidad para llevar a cabo nuestra misi\u00f3n.<\/p>\n\n\n\n<p><strong>\u00bfNos ayudar\u00e1s a brindar oportunidades y recursos a los estudiantes locales?<\/strong><\/p>\n\n\n\n<div class=\"wp-block-buttons is-content-justification-center is-layout-flex wp-container-core-buttons-is-layout-16018d1d wp-block-buttons-is-layout-flex\">\n<div class=\"wp-block-button\"><a class=\"wp-block-button__link has-blue-green-background-color has-background has-text-align-center wp-element-button\" href=\"https:\/\/impactoneducation.donorsupport.co\/-\/XKWATYTH\" style=\"border-radius:0px\">DAR HOY<\/a><\/div>\n<\/div>","protected":false},"excerpt":{"rendered":"<p>Jair Ortega naci\u00f3 y se cri\u00f3 en Boulder. El campus de la Universidad de Colorado ocupaba un lugar preponderante en su vida. Para \u00e9l, era un s\u00edmbolo de oportunidad, aunque parec\u00eda algo inalcanzable. Jair se destac\u00f3 en la escuela, en particular en matem\u00e1ticas, pero las finanzas familiares ajustadas hicieron que afrontar el costo de la educaci\u00f3n fuera un desaf\u00edo desde una edad temprana. \u201cSiempre pens\u00e9 que la universidad ser\u00eda parte de mi historia\u201d, dijo Jair. \u201cPero las realidades financieras hicieron que pareciera que nunca podr\u00eda pagarla\u201d.<\/p>","protected":false},"author":6,"featured_media":11590,"comment_status":"closed","ping_status":"open","sticky":false,"template":"","format":"standard","meta":{"_acf_changed":false,"_monsterinsights_skip_tracking":false,"_monsterinsights_sitenote_active":false,"_monsterinsights_sitenote_note":"","_monsterinsights_sitenote_category":0,"footnotes":""},"categories":[68,74,67],"tags":[],"class_list":["post-11589","post","type-post","status-publish","format-standard","has-post-thumbnail","hentry","category-mission-moments","category-news-page","category-what-we-do"],"acf":[],"yoast_head":"<!-- This site is optimized with the Yoast SEO plugin v27.4 - https:\/\/yoast.com\/product\/yoast-seo-wordpress\/ -->\n<title>From a first-generation student to a college freshman: Jair Ortega&#039;s journey<\/title>\n<meta name=\"description\" content=\"Born and raised in Boulder, the University of Colorado campus loomed large in Jair Ortega\u2019s life. To Jair, it was a symbol of opportunity, yet one that felt out of reach. Jair excelled in school, particularly in math, but tight family finances meant navigating the cost of education was a challenge from an early age.\" \/>\n<meta name=\"robots\" content=\"index, follow, max-snippet:-1, max-image-preview:large, max-video-preview:-1\" \/>\n<link rel=\"canonical\" href=\"https:\/\/www.impactoneducation.org\/es\/2024\/12\/31\/from-a-first-generation-student-to-a-college-freshman-jair-ortegas-journey\/\" \/>\n<meta property=\"og:locale\" content=\"es_MX\" \/>\n<meta property=\"og:type\" content=\"article\" \/>\n<meta property=\"og:title\" content=\"From a first-generation student to a college freshman: Jair Ortega&#039;s journey\" \/>\n<meta property=\"og:description\" content=\"Born and raised in Boulder, the University of Colorado campus loomed large in Jair Ortega\u2019s life. To Jair, it was a symbol of opportunity, yet one that felt out of reach. Jair excelled in school, particularly in math, but tight family finances meant navigating the cost of education was a challenge from an early age.\" \/>\n<meta property=\"og:url\" content=\"https:\/\/www.impactoneducation.org\/es\/2024\/12\/31\/from-a-first-generation-student-to-a-college-freshman-jair-ortegas-journey\/\" \/>\n<meta property=\"og:site_name\" content=\"Impact on Education\" \/>\n<meta property=\"article:publisher\" content=\"https:\/\/www.facebook.com\/ImpactonEducation\" \/>\n<meta property=\"article:published_time\" content=\"2024-12-31T18:34:11+00:00\" \/>\n<meta property=\"article:modified_time\" content=\"2024-12-31T18:48:40+00:00\" \/>\n<meta property=\"og:image\" content=\"https:\/\/www.impactoneducation.org\/wp-content\/uploads\/2024\/12\/Untitled-design.png\" \/>\n\t<meta property=\"og:image:width\" content=\"632\" \/>\n\t<meta property=\"og:image:height\" content=\"432\" \/>\n\t<meta property=\"og:image:type\" content=\"image\/png\" \/>\n<meta name=\"author\" content=\"Emma Lyles\" \/>\n<meta name=\"twitter:card\" content=\"summary_large_image\" \/>\n<meta name=\"twitter:description\" content=\"Born and raised in Boulder, the University of Colorado campus loomed large in Jair Ortega\u2019s life. To Jair, it was a symbol of opportunity, yet one that felt out of reach. Jair excelled in school, particularly in math, but tight family finances meant navigating the cost of education was a challenge from an early age.\" \/>\n<meta name=\"twitter:image\" content=\"https:\/\/www.impactoneducation.org\/wp-content\/uploads\/2024\/12\/Untitled-design.png\" \/>\n<meta name=\"twitter:creator\" content=\"@ImpactOnEd\" \/>\n<meta name=\"twitter:site\" content=\"@ImpactOnEd\" \/>\n<meta name=\"twitter:label1\" content=\"Escrito por\" \/>\n\t<meta name=\"twitter:data1\" content=\"Emma Lyles\" \/>\n\t<meta name=\"twitter:label2\" content=\"Tiempo de lectura\" \/>\n\t<meta name=\"twitter:data2\" content=\"3 minutos\" \/>\n<script type=\"application\/ld+json\" class=\"yoast-schema-graph\">{\"@context\":\"https:\\\/\\\/schema.org\",\"@graph\":[{\"@type\":\"Article\",\"@id\":\"https:\\\/\\\/www.impactoneducation.org\\\/2024\\\/12\\\/31\\\/from-a-first-generation-student-to-a-college-freshman-jair-ortegas-journey\\\/#article\",\"isPartOf\":{\"@id\":\"https:\\\/\\\/www.impactoneducation.org\\\/2024\\\/12\\\/31\\\/from-a-first-generation-student-to-a-college-freshman-jair-ortegas-journey\\\/\"},\"author\":{\"name\":\"Emma Lyles\",\"@id\":\"https:\\\/\\\/www.impactoneducation.org\\\/#\\\/schema\\\/person\\\/63c2bdfb1362cc0b9df04d884763f4b3\"},\"headline\":\"From a first-generation student to a college freshman: Jair Ortega&#8217;s journey\",\"datePublished\":\"2024-12-31T18:34:11+00:00\",\"dateModified\":\"2024-12-31T18:48:40+00:00\",\"mainEntityOfPage\":{\"@id\":\"https:\\\/\\\/www.impactoneducation.org\\\/2024\\\/12\\\/31\\\/from-a-first-generation-student-to-a-college-freshman-jair-ortegas-journey\\\/\"},\"wordCount\":495,\"publisher\":{\"@id\":\"https:\\\/\\\/www.impactoneducation.org\\\/#organization\"},\"image\":{\"@id\":\"https:\\\/\\\/www.impactoneducation.org\\\/2024\\\/12\\\/31\\\/from-a-first-generation-student-to-a-college-freshman-jair-ortegas-journey\\\/#primaryimage\"},\"thumbnailUrl\":\"https:\\\/\\\/www.impactoneducation.org\\\/wp-content\\\/uploads\\\/2024\\\/12\\\/Untitled-design.png\",\"articleSection\":[\"Mission Moments\",\"NEWS PAGE\",\"What We Do\"],\"inLanguage\":\"es\"},{\"@type\":\"WebPage\",\"@id\":\"https:\\\/\\\/www.impactoneducation.org\\\/2024\\\/12\\\/31\\\/from-a-first-generation-student-to-a-college-freshman-jair-ortegas-journey\\\/\",\"url\":\"https:\\\/\\\/www.impactoneducation.org\\\/2024\\\/12\\\/31\\\/from-a-first-generation-student-to-a-college-freshman-jair-ortegas-journey\\\/\",\"name\":\"From a first-generation student to a college freshman: Jair Ortega's journey\",\"isPartOf\":{\"@id\":\"https:\\\/\\\/www.impactoneducation.org\\\/#website\"},\"primaryImageOfPage\":{\"@id\":\"https:\\\/\\\/www.impactoneducation.org\\\/2024\\\/12\\\/31\\\/from-a-first-generation-student-to-a-college-freshman-jair-ortegas-journey\\\/#primaryimage\"},\"image\":{\"@id\":\"https:\\\/\\\/www.impactoneducation.org\\\/2024\\\/12\\\/31\\\/from-a-first-generation-student-to-a-college-freshman-jair-ortegas-journey\\\/#primaryimage\"},\"thumbnailUrl\":\"https:\\\/\\\/www.impactoneducation.org\\\/wp-content\\\/uploads\\\/2024\\\/12\\\/Untitled-design.png\",\"datePublished\":\"2024-12-31T18:34:11+00:00\",\"dateModified\":\"2024-12-31T18:48:40+00:00\",\"description\":\"Born and raised in Boulder, the University of Colorado campus loomed large in Jair Ortega\u2019s life. To Jair, it was a symbol of opportunity, yet one that felt out of reach. Jair excelled in school, particularly in math, but tight family finances meant navigating the cost of education was a challenge from an early age.\",\"breadcrumb\":{\"@id\":\"https:\\\/\\\/www.impactoneducation.org\\\/2024\\\/12\\\/31\\\/from-a-first-generation-student-to-a-college-freshman-jair-ortegas-journey\\\/#breadcrumb\"},\"inLanguage\":\"es\",\"potentialAction\":[{\"@type\":\"ReadAction\",\"target\":[\"https:\\\/\\\/www.impactoneducation.org\\\/2024\\\/12\\\/31\\\/from-a-first-generation-student-to-a-college-freshman-jair-ortegas-journey\\\/\"]}]},{\"@type\":\"ImageObject\",\"inLanguage\":\"es\",\"@id\":\"https:\\\/\\\/www.impactoneducation.org\\\/2024\\\/12\\\/31\\\/from-a-first-generation-student-to-a-college-freshman-jair-ortegas-journey\\\/#primaryimage\",\"url\":\"https:\\\/\\\/www.impactoneducation.org\\\/wp-content\\\/uploads\\\/2024\\\/12\\\/Untitled-design.png\",\"contentUrl\":\"https:\\\/\\\/www.impactoneducation.org\\\/wp-content\\\/uploads\\\/2024\\\/12\\\/Untitled-design.png\",\"width\":632,\"height\":432},{\"@type\":\"BreadcrumbList\",\"@id\":\"https:\\\/\\\/www.impactoneducation.org\\\/2024\\\/12\\\/31\\\/from-a-first-generation-student-to-a-college-freshman-jair-ortegas-journey\\\/#breadcrumb\",\"itemListElement\":[{\"@type\":\"ListItem\",\"position\":1,\"name\":\"Home\",\"item\":\"https:\\\/\\\/www.impactoneducation.org\\\/\"},{\"@type\":\"ListItem\",\"position\":2,\"name\":\"From a first-generation student to a college freshman: Jair Ortega&#8217;s journey\"}]},{\"@type\":\"WebSite\",\"@id\":\"https:\\\/\\\/www.impactoneducation.org\\\/#website\",\"url\":\"https:\\\/\\\/www.impactoneducation.org\\\/\",\"name\":\"Impact on Education\",\"description\":\"Foundation for Boulder Valley Schools\",\"publisher\":{\"@id\":\"https:\\\/\\\/www.impactoneducation.org\\\/#organization\"},\"potentialAction\":[{\"@type\":\"SearchAction\",\"target\":{\"@type\":\"EntryPoint\",\"urlTemplate\":\"https:\\\/\\\/www.impactoneducation.org\\\/?s={search_term_string}\"},\"query-input\":{\"@type\":\"PropertyValueSpecification\",\"valueRequired\":true,\"valueName\":\"search_term_string\"}}],\"inLanguage\":\"es\"},{\"@type\":\"Organization\",\"@id\":\"https:\\\/\\\/www.impactoneducation.org\\\/#organization\",\"name\":\"Impact on Education\",\"url\":\"https:\\\/\\\/www.impactoneducation.org\\\/\",\"logo\":{\"@type\":\"ImageObject\",\"inLanguage\":\"es\",\"@id\":\"https:\\\/\\\/www.impactoneducation.org\\\/#\\\/schema\\\/logo\\\/image\\\/\",\"url\":\"https:\\\/\\\/www.impactoneducation.org\\\/wp-content\\\/uploads\\\/2020\\\/09\\\/Impact-logo-poly.png\",\"contentUrl\":\"https:\\\/\\\/www.impactoneducation.org\\\/wp-content\\\/uploads\\\/2020\\\/09\\\/Impact-logo-poly.png\",\"width\":3455,\"height\":890,\"caption\":\"Impact on Education\"},\"image\":{\"@id\":\"https:\\\/\\\/www.impactoneducation.org\\\/#\\\/schema\\\/logo\\\/image\\\/\"},\"sameAs\":[\"https:\\\/\\\/www.facebook.com\\\/ImpactonEducation\",\"https:\\\/\\\/x.com\\\/ImpactOnEd\",\"https:\\\/\\\/www.instagram.com\\\/impactoneducation\\\/\",\"https:\\\/\\\/www.youtube.com\\\/channel\\\/UCtCaQkVhXiowqiNrIXQ1Lkw\"]},{\"@type\":\"Person\",\"@id\":\"https:\\\/\\\/www.impactoneducation.org\\\/#\\\/schema\\\/person\\\/63c2bdfb1362cc0b9df04d884763f4b3\",\"name\":\"Emma Lyles\",\"image\":{\"@type\":\"ImageObject\",\"inLanguage\":\"es\",\"@id\":\"https:\\\/\\\/secure.gravatar.com\\\/avatar\\\/f2dc573919cae88185ad2b539fa86be4ccb72d71646411522c156bbc8acc683d?s=96&d=mm&r=g\",\"url\":\"https:\\\/\\\/secure.gravatar.com\\\/avatar\\\/f2dc573919cae88185ad2b539fa86be4ccb72d71646411522c156bbc8acc683d?s=96&d=mm&r=g\",\"contentUrl\":\"https:\\\/\\\/secure.gravatar.com\\\/avatar\\\/f2dc573919cae88185ad2b539fa86be4ccb72d71646411522c156bbc8acc683d?s=96&d=mm&r=g\",\"caption\":\"Emma Lyles\"},\"url\":\"https:\\\/\\\/www.impactoneducation.org\\\/es\\\/author\\\/emma-lyles\\\/\"}]}<\/script>\n<!-- \/ Yoast SEO plugin. -->","yoast_head_json":{"title":"De estudiante de primera generaci\u00f3n a estudiante universitario de primer a\u00f1o: la trayectoria de Jair Ortega","description":"Nacido y criado en Boulder, el campus de la Universidad de Colorado fue una parte importante de la vida de Jair Ortega. Para \u00e9l, era un s\u00edmbolo de oportunidad, aunque lo sent\u00eda inalcanzable. Jair sobresal\u00eda en la escuela, especialmente en matem\u00e1ticas, pero la escasez econ\u00f3mica familiar le impidi\u00f3 afrontar el costo de la educaci\u00f3n desde peque\u00f1o.","robots":{"index":"index","follow":"follow","max-snippet":"max-snippet:-1","max-image-preview":"max-image-preview:large","max-video-preview":"max-video-preview:-1"},"canonical":"https:\/\/www.impactoneducation.org\/es\/2024\/12\/31\/from-a-first-generation-student-to-a-college-freshman-jair-ortegas-journey\/","og_locale":"es_MX","og_type":"article","og_title":"From a first-generation student to a college freshman: Jair Ortega's journey","og_description":"Born and raised in Boulder, the University of Colorado campus loomed large in Jair Ortega\u2019s life. To Jair, it was a symbol of opportunity, yet one that felt out of reach. Jair excelled in school, particularly in math, but tight family finances meant navigating the cost of education was a challenge from an early age.","og_url":"https:\/\/www.impactoneducation.org\/es\/2024\/12\/31\/from-a-first-generation-student-to-a-college-freshman-jair-ortegas-journey\/","og_site_name":"Impact on Education","article_publisher":"https:\/\/www.facebook.com\/ImpactonEducation","article_published_time":"2024-12-31T18:34:11+00:00","article_modified_time":"2024-12-31T18:48:40+00:00","og_image":[{"width":632,"height":432,"url":"https:\/\/www.impactoneducation.org\/wp-content\/uploads\/2024\/12\/Untitled-design.png","type":"image\/png"}],"author":"Emma Lyles","twitter_card":"summary_large_image","twitter_description":"Born and raised in Boulder, the University of Colorado campus loomed large in Jair Ortega\u2019s life. To Jair, it was a symbol of opportunity, yet one that felt out of reach. Jair excelled in school, particularly in math, but tight family finances meant navigating the cost of education was a challenge from an early age.","twitter_image":"https:\/\/www.impactoneducation.org\/wp-content\/uploads\/2024\/12\/Untitled-design.png","twitter_creator":"@ImpactOnEd","twitter_site":"@ImpactOnEd","twitter_misc":{"Escrito por":"Emma Lyles","Tiempo de lectura":"3 minutos"},"schema":{"@context":"https:\/\/schema.org","@graph":[{"@type":"Article","@id":"https:\/\/www.impactoneducation.org\/2024\/12\/31\/from-a-first-generation-student-to-a-college-freshman-jair-ortegas-journey\/#article","isPartOf":{"@id":"https:\/\/www.impactoneducation.org\/2024\/12\/31\/from-a-first-generation-student-to-a-college-freshman-jair-ortegas-journey\/"},"author":{"name":"Emma Lyles","@id":"https:\/\/www.impactoneducation.org\/#\/schema\/person\/63c2bdfb1362cc0b9df04d884763f4b3"},"headline":"From a first-generation student to a college freshman: Jair Ortega&#8217;s journey","datePublished":"2024-12-31T18:34:11+00:00","dateModified":"2024-12-31T18:48:40+00:00","mainEntityOfPage":{"@id":"https:\/\/www.impactoneducation.org\/2024\/12\/31\/from-a-first-generation-student-to-a-college-freshman-jair-ortegas-journey\/"},"wordCount":495,"publisher":{"@id":"https:\/\/www.impactoneducation.org\/#organization"},"image":{"@id":"https:\/\/www.impactoneducation.org\/2024\/12\/31\/from-a-first-generation-student-to-a-college-freshman-jair-ortegas-journey\/#primaryimage"},"thumbnailUrl":"https:\/\/www.impactoneducation.org\/wp-content\/uploads\/2024\/12\/Untitled-design.png","articleSection":["Mission Moments","NEWS PAGE","What We Do"],"inLanguage":"es"},{"@type":"WebPage","@id":"https:\/\/www.impactoneducation.org\/2024\/12\/31\/from-a-first-generation-student-to-a-college-freshman-jair-ortegas-journey\/","url":"https:\/\/www.impactoneducation.org\/2024\/12\/31\/from-a-first-generation-student-to-a-college-freshman-jair-ortegas-journey\/","name":"De estudiante de primera generaci\u00f3n a estudiante universitario de primer a\u00f1o: la trayectoria de Jair Ortega","isPartOf":{"@id":"https:\/\/www.impactoneducation.org\/#website"},"primaryImageOfPage":{"@id":"https:\/\/www.impactoneducation.org\/2024\/12\/31\/from-a-first-generation-student-to-a-college-freshman-jair-ortegas-journey\/#primaryimage"},"image":{"@id":"https:\/\/www.impactoneducation.org\/2024\/12\/31\/from-a-first-generation-student-to-a-college-freshman-jair-ortegas-journey\/#primaryimage"},"thumbnailUrl":"https:\/\/www.impactoneducation.org\/wp-content\/uploads\/2024\/12\/Untitled-design.png","datePublished":"2024-12-31T18:34:11+00:00","dateModified":"2024-12-31T18:48:40+00:00","description":"Nacido y criado en Boulder, el campus de la Universidad de Colorado fue una parte importante de la vida de Jair Ortega. Para \u00e9l, era un s\u00edmbolo de oportunidad, aunque lo sent\u00eda inalcanzable. Jair sobresal\u00eda en la escuela, especialmente en matem\u00e1ticas, pero la escasez econ\u00f3mica familiar le impidi\u00f3 afrontar el costo de la educaci\u00f3n desde peque\u00f1o.","breadcrumb":{"@id":"https:\/\/www.impactoneducation.org\/2024\/12\/31\/from-a-first-generation-student-to-a-college-freshman-jair-ortegas-journey\/#breadcrumb"},"inLanguage":"es","potentialAction":[{"@type":"ReadAction","target":["https:\/\/www.impactoneducation.org\/2024\/12\/31\/from-a-first-generation-student-to-a-college-freshman-jair-ortegas-journey\/"]}]},{"@type":"ImageObject","inLanguage":"es","@id":"https:\/\/www.impactoneducation.org\/2024\/12\/31\/from-a-first-generation-student-to-a-college-freshman-jair-ortegas-journey\/#primaryimage","url":"https:\/\/www.impactoneducation.org\/wp-content\/uploads\/2024\/12\/Untitled-design.png","contentUrl":"https:\/\/www.impactoneducation.org\/wp-content\/uploads\/2024\/12\/Untitled-design.png","width":632,"height":432},{"@type":"BreadcrumbList","@id":"https:\/\/www.impactoneducation.org\/2024\/12\/31\/from-a-first-generation-student-to-a-college-freshman-jair-ortegas-journey\/#breadcrumb","itemListElement":[{"@type":"ListItem","position":1,"name":"Home","item":"https:\/\/www.impactoneducation.org\/"},{"@type":"ListItem","position":2,"name":"From a first-generation student to a college freshman: Jair Ortega&#8217;s journey"}]},{"@type":"WebSite","@id":"https:\/\/www.impactoneducation.org\/#website","url":"https:\/\/www.impactoneducation.org\/","name":"Impacto en la educaci\u00f3n","description":"Fundaci\u00f3n para las Escuelas del Valle de Boulder","publisher":{"@id":"https:\/\/www.impactoneducation.org\/#organization"},"potentialAction":[{"@type":"SearchAction","target":{"@type":"EntryPoint","urlTemplate":"https:\/\/www.impactoneducation.org\/?s={search_term_string}"},"query-input":{"@type":"PropertyValueSpecification","valueRequired":true,"valueName":"search_term_string"}}],"inLanguage":"es"},{"@type":"Organization","@id":"https:\/\/www.impactoneducation.org\/#organization","name":"Impacto en la educaci\u00f3n","url":"https:\/\/www.impactoneducation.org\/","logo":{"@type":"ImageObject","inLanguage":"es","@id":"https:\/\/www.impactoneducation.org\/#\/schema\/logo\/image\/","url":"https:\/\/www.impactoneducation.org\/wp-content\/uploads\/2020\/09\/Impact-logo-poly.png","contentUrl":"https:\/\/www.impactoneducation.org\/wp-content\/uploads\/2020\/09\/Impact-logo-poly.png","width":3455,"height":890,"caption":"Impact on Education"},"image":{"@id":"https:\/\/www.impactoneducation.org\/#\/schema\/logo\/image\/"},"sameAs":["https:\/\/www.facebook.com\/ImpactonEducation","https:\/\/x.com\/ImpactOnEd","https:\/\/www.instagram.com\/impactoneducation\/","https:\/\/www.youtube.com\/channel\/UCtCaQkVhXiowqiNrIXQ1Lkw"]},{"@type":"Person","@id":"https:\/\/www.impactoneducation.org\/#\/schema\/person\/63c2bdfb1362cc0b9df04d884763f4b3","name":"emma lyles","image":{"@type":"ImageObject","inLanguage":"es","@id":"https:\/\/secure.gravatar.com\/avatar\/f2dc573919cae88185ad2b539fa86be4ccb72d71646411522c156bbc8acc683d?s=96&d=mm&r=g","url":"https:\/\/secure.gravatar.com\/avatar\/f2dc573919cae88185ad2b539fa86be4ccb72d71646411522c156bbc8acc683d?s=96&d=mm&r=g","contentUrl":"https:\/\/secure.gravatar.com\/avatar\/f2dc573919cae88185ad2b539fa86be4ccb72d71646411522c156bbc8acc683d?s=96&d=mm&r=g","caption":"Emma Lyles"},"url":"https:\/\/www.impactoneducation.org\/es\/author\/emma-lyles\/"}]}},"_links":{"self":[{"href":"https:\/\/www.impactoneducation.org\/es\/wp-json\/wp\/v2\/posts\/11589","targetHints":{"allow":["GET"]}}],"collection":[{"href":"https:\/\/www.impactoneducation.org\/es\/wp-json\/wp\/v2\/posts"}],"about":[{"href":"https:\/\/www.impactoneducation.org\/es\/wp-json\/wp\/v2\/types\/post"}],"author":[{"embeddable":true,"href":"https:\/\/www.impactoneducation.org\/es\/wp-json\/wp\/v2\/users\/6"}],"replies":[{"embeddable":true,"href":"https:\/\/www.impactoneducation.org\/es\/wp-json\/wp\/v2\/comments?post=11589"}],"version-history":[{"count":1,"href":"https:\/\/www.impactoneducation.org\/es\/wp-json\/wp\/v2\/posts\/11589\/revisions"}],"predecessor-version":[{"id":11591,"href":"https:\/\/www.impactoneducation.org\/es\/wp-json\/wp\/v2\/posts\/11589\/revisions\/11591"}],"wp:featuredmedia":[{"embeddable":true,"href":"https:\/\/www.impactoneducation.org\/es\/wp-json\/wp\/v2\/media\/11590"}],"wp:attachment":[{"href":"https:\/\/www.impactoneducation.org\/es\/wp-json\/wp\/v2\/media?parent=11589"}],"wp:term":[{"taxonomy":"category","embeddable":true,"href":"https:\/\/www.impactoneducation.org\/es\/wp-json\/wp\/v2\/categories?post=11589"},{"taxonomy":"post_tag","embeddable":true,"href":"https:\/\/www.impactoneducation.org\/es\/wp-json\/wp\/v2\/tags?post=11589"}],"curies":[{"name":"gracias","href":"https:\/\/api.w.org\/{rel}","templated":true}]}}