{"id":11856,"date":"2025-03-24T10:00:00","date_gmt":"2025-03-24T10:00:00","guid":{"rendered":"https:\/\/www.impactoneducation.org\/?p=11856"},"modified":"2025-04-01T22:07:03","modified_gmt":"2025-04-01T22:07:03","slug":"speak-up-for-the-future-of-education","status":"publish","type":"post","link":"https:\/\/www.impactoneducation.org\/es\/2025\/03\/24\/speak-up-for-the-future-of-education\/","title":{"rendered":"Alcemos la voz por el futuro de la educaci\u00f3n"},"content":{"rendered":"<h1 class=\"wp-block-heading\">Alcemos la voz por el futuro de la educaci\u00f3n<\/h1>\n\n\n\n<p>La semana pasada, nuestro equipo se uni\u00f3 a miles de educadores, estudiantes y miembros de la comunidad en el Capitolio para una manifestaci\u00f3n estatal, pidiendo no m\u00e1s recortes de fondos a la educaci\u00f3n.&nbsp;<\/p>\n\n\n\n<p>Los legisladores de Colorado intentan abordar un d\u00e9ficit presupuestario estatal de m\u00e1s de 1000 millones de d\u00f3lares restando fondos a la educaci\u00f3n p\u00fablica una vez m\u00e1s. Esta vez... <a href=\"https:\/\/www.cpr.org\/2025\/03\/19\/why-colorado-teachers-protest-thursday-school-funding-cuts\/\" target=\"_blank\" rel=\"noreferrer noopener\">Cambiar la forma en que el Estado financia las escuelas con matr\u00edculas en descenso<\/a>Quieren usar un conteo de estudiantes anual en lugar de nuestro m\u00e9todo actual de promedios multianuales. El conteo de estudiantes determina cu\u00e1nto dinero estatal fluye a nuestras escuelas.&nbsp;<\/p>\n\n\n\n<p><strong>El Distrito Escolar del Valle de Boulder podr\u00eda perder casi entre 1 y 5 millones de d\u00f3lares el pr\u00f3ximo a\u00f1o&nbsp;<\/strong>Seg\u00fan la propuesta de presupuesto estatal que anunci\u00f3 el gobernador Polis en enero.&nbsp;<a href=\"https:\/\/kidsmattertoo.org\/boulder\/\" target=\"_blank\" rel=\"noreferrer noopener\"><strong>Necesitamos tu ayuda para actuar ahora.<\/strong><\/a><\/p>\n\n\n\n<p>Como sabe cualquier l\u00edder empresarial astuto, usar una instant\u00e1nea de una semana para financiar un a\u00f1o entero de gastos es una forma incre\u00edblemente dif\u00edcil de administrar el presupuesto. Promediar varios a\u00f1os permite cambios con el tiempo al enfrentarse a decisiones fiscales dif\u00edciles. En un sector como el educativo, donde la matr\u00edcula cambia constantemente, es fundamental tener en cuenta la variabilidad.&nbsp;<\/p>\n\n\n\n<p><strong>El sistema de educaci\u00f3n p\u00fablica de Colorado enfrenta un recorte de $150 millones.&nbsp;<\/strong><\/p>\n\n\n\n<p>Los mensajes ego\u00edstas de los pol\u00edticos, que sugieren que el estado financia a &quot;estudiantes fantasma&quot;, ocultan la dura realidad que enfrentar\u00edan nuestros estudiantes y docentes si cambiaran las f\u00f3rmulas de financiaci\u00f3n. Las escuelas y los distritos escolares perder\u00e1n previsibilidad, fondos y tiempo para tomar buenas decisiones. Se ver\u00e1n obligados a decidir, por ejemplo, qu\u00e9 docentes despedir o qu\u00e9 recortes en el apoyo estudiantil.&nbsp;<\/p>\n\n\n\n<p>Despu\u00e9s de a\u00f1os de falta de financiaci\u00f3n (incluidos $340 millones retenidos al BVSD debido al Factor de Estabilizaci\u00f3n Presupuestaria durante 15 a\u00f1os),<strong>&nbsp;no hay \u201cbonitos para tener\u201d que recortar; nuestro distrito se ver\u00e1 obligado a recortar los recursos y el personal necesarios para afrontar una p\u00e9rdida de entre 1TP y 4T5 millones.<\/strong><\/p>\n\n\n\n<p>Lograr un presupuesto equilibrado es fiscalmente responsable y legalmente requerido, pero poner en riesgo el empleo de los docentes y el futuro de los estudiantes no es la forma correcta de lograrlo.<\/p>\n\n\n\n<p><a href=\"https:\/\/kidsmattertoo.org\/boulder\/\" target=\"_blank\" rel=\"noreferrer noopener\"><strong>Defiendan a los educadores y estudiantes del Valle de Boulder. D\u00edganle a sus legisladores estatales: no m\u00e1s recortes a la educaci\u00f3n.<\/strong>.<strong>&nbsp;Es hora de financiar completamente nuestras escuelas.<\/strong><\/a><br><br><\/p>\n\n\n\n<h2 class=\"wp-block-heading has-text-align-center has-blue-green-color has-light-green-background-color has-text-color has-background\">ANTES DE QUE TE VAYAS<\/h2>\n\n\n\n<p>Impact on Education es una organizaci\u00f3n independiente sin fines de lucro que apoya al Distrito Escolar del Valle de Boulder. Dependemos de la generosidad de nuestra comunidad para llevar a cabo nuestra misi\u00f3n.<\/p>\n\n\n\n<p><strong>\u00bfNos ayudar\u00e1s a brindar oportunidades y recursos a los estudiantes locales?<\/strong><\/p>\n\n\n\n<div class=\"wp-block-buttons is-content-justification-center is-layout-flex wp-container-core-buttons-is-layout-16018d1d wp-block-buttons-is-layout-flex\">\n<div class=\"wp-block-button\"><a class=\"wp-block-button__link has-blue-green-background-color has-background has-text-align-center wp-element-button\" href=\"https:\/\/impactoneducation.donorsupport.co\/-\/XKWATYTH\" style=\"border-radius:0px\">DAR HOY<\/a><\/div>\n<\/div>","protected":false},"excerpt":{"rendered":"<p>La semana pasada, nuestro equipo se uni\u00f3 a miles de educadores, estudiantes y miembros de la comunidad en el Capitolio para una manifestaci\u00f3n estatal, exigiendo el fin de los recortes a la educaci\u00f3n. Los legisladores de Colorado intentan abordar un d\u00e9ficit presupuestario estatal de m\u00e1s de 1000 millones de d\u00f3lares, detrayendo fondos de la educaci\u00f3n p\u00fablica una vez m\u00e1s. <\/p>","protected":false},"author":8,"featured_media":11859,"comment_status":"closed","ping_status":"open","sticky":false,"template":"","format":"standard","meta":{"_acf_changed":false,"_monsterinsights_skip_tracking":false,"_monsterinsights_sitenote_active":false,"_monsterinsights_sitenote_note":"","_monsterinsights_sitenote_category":0,"footnotes":""},"categories":[74,1],"tags":[],"class_list":["post-11856","post","type-post","status-publish","format-standard","has-post-thumbnail","hentry","category-news-page","category-uncategorized"],"acf":[],"yoast_head":"<!-- This site is optimized with the Yoast SEO plugin v27.4 - https:\/\/yoast.com\/product\/yoast-seo-wordpress\/ -->\n<title>Speak up for the future of education &#8211; Impact on Education<\/title>\n<meta name=\"description\" content=\"Last week, our team joined thousands of educators, students, and community members at the Capitol for a statewide rally \u2014 calling for no more funding cuts to education.\u00a0\" \/>\n<meta name=\"robots\" content=\"index, follow, max-snippet:-1, max-image-preview:large, max-video-preview:-1\" \/>\n<link rel=\"canonical\" href=\"https:\/\/www.impactoneducation.org\/es\/2025\/03\/24\/speak-up-for-the-future-of-education\/\" \/>\n<meta property=\"og:locale\" content=\"es_MX\" \/>\n<meta property=\"og:type\" content=\"article\" \/>\n<meta property=\"og:title\" content=\"Speak up for the future of education\" \/>\n<meta property=\"og:description\" content=\"Last week, our team joined thousands of educators, students, and community members at the Capitol for a statewide rally \u2014 calling for no more funding cuts to education.\u00a0\" \/>\n<meta property=\"og:url\" content=\"https:\/\/www.impactoneducation.org\/es\/2025\/03\/24\/speak-up-for-the-future-of-education\/\" \/>\n<meta property=\"og:site_name\" content=\"Impact on Education\" \/>\n<meta property=\"article:publisher\" content=\"https:\/\/www.facebook.com\/ImpactonEducation\" \/>\n<meta property=\"article:published_time\" content=\"2025-03-24T10:00:00+00:00\" \/>\n<meta property=\"article:modified_time\" content=\"2025-04-01T22:07:03+00:00\" \/>\n<meta property=\"og:image\" content=\"https:\/\/www.impactoneducation.org\/wp-content\/uploads\/2025\/04\/Copy-of-Untitled-Design-5.jpg\" \/>\n\t<meta property=\"og:image:width\" content=\"1024\" \/>\n\t<meta property=\"og:image:height\" content=\"512\" \/>\n\t<meta property=\"og:image:type\" content=\"image\/jpeg\" \/>\n<meta name=\"author\" content=\"Avery Artman\" \/>\n<meta name=\"twitter:card\" content=\"summary_large_image\" \/>\n<meta name=\"twitter:creator\" content=\"@ImpactOnEd\" \/>\n<meta name=\"twitter:site\" content=\"@ImpactOnEd\" \/>\n<meta name=\"twitter:label1\" content=\"Escrito por\" \/>\n\t<meta name=\"twitter:data1\" content=\"Avery Artman\" \/>\n\t<meta name=\"twitter:label2\" content=\"Tiempo de lectura\" \/>\n\t<meta name=\"twitter:data2\" content=\"2 minutos\" \/>\n<script type=\"application\/ld+json\" class=\"yoast-schema-graph\">{\"@context\":\"https:\\\/\\\/schema.org\",\"@graph\":[{\"@type\":\"Article\",\"@id\":\"https:\\\/\\\/www.impactoneducation.org\\\/2025\\\/03\\\/24\\\/speak-up-for-the-future-of-education\\\/#article\",\"isPartOf\":{\"@id\":\"https:\\\/\\\/www.impactoneducation.org\\\/2025\\\/03\\\/24\\\/speak-up-for-the-future-of-education\\\/\"},\"author\":{\"name\":\"Avery Artman\",\"@id\":\"https:\\\/\\\/www.impactoneducation.org\\\/#\\\/schema\\\/person\\\/b1bbd10a696c3f5e2526a1d39974c5b0\"},\"headline\":\"Speak up for the future of education\",\"datePublished\":\"2025-03-24T10:00:00+00:00\",\"dateModified\":\"2025-04-01T22:07:03+00:00\",\"mainEntityOfPage\":{\"@id\":\"https:\\\/\\\/www.impactoneducation.org\\\/2025\\\/03\\\/24\\\/speak-up-for-the-future-of-education\\\/\"},\"wordCount\":360,\"publisher\":{\"@id\":\"https:\\\/\\\/www.impactoneducation.org\\\/#organization\"},\"image\":{\"@id\":\"https:\\\/\\\/www.impactoneducation.org\\\/2025\\\/03\\\/24\\\/speak-up-for-the-future-of-education\\\/#primaryimage\"},\"thumbnailUrl\":\"https:\\\/\\\/www.impactoneducation.org\\\/wp-content\\\/uploads\\\/2025\\\/04\\\/Copy-of-Untitled-Design-5.jpg\",\"articleSection\":[\"NEWS PAGE\",\"Uncategorized\"],\"inLanguage\":\"es\"},{\"@type\":\"WebPage\",\"@id\":\"https:\\\/\\\/www.impactoneducation.org\\\/2025\\\/03\\\/24\\\/speak-up-for-the-future-of-education\\\/\",\"url\":\"https:\\\/\\\/www.impactoneducation.org\\\/2025\\\/03\\\/24\\\/speak-up-for-the-future-of-education\\\/\",\"name\":\"Speak up for the future of education &#8211; Impact on Education\",\"isPartOf\":{\"@id\":\"https:\\\/\\\/www.impactoneducation.org\\\/#website\"},\"primaryImageOfPage\":{\"@id\":\"https:\\\/\\\/www.impactoneducation.org\\\/2025\\\/03\\\/24\\\/speak-up-for-the-future-of-education\\\/#primaryimage\"},\"image\":{\"@id\":\"https:\\\/\\\/www.impactoneducation.org\\\/2025\\\/03\\\/24\\\/speak-up-for-the-future-of-education\\\/#primaryimage\"},\"thumbnailUrl\":\"https:\\\/\\\/www.impactoneducation.org\\\/wp-content\\\/uploads\\\/2025\\\/04\\\/Copy-of-Untitled-Design-5.jpg\",\"datePublished\":\"2025-03-24T10:00:00+00:00\",\"dateModified\":\"2025-04-01T22:07:03+00:00\",\"description\":\"Last week, our team joined thousands of educators, students, and community members at the Capitol for a statewide rally \u2014 calling for no more funding cuts to education.\u00a0\",\"breadcrumb\":{\"@id\":\"https:\\\/\\\/www.impactoneducation.org\\\/2025\\\/03\\\/24\\\/speak-up-for-the-future-of-education\\\/#breadcrumb\"},\"inLanguage\":\"es\",\"potentialAction\":[{\"@type\":\"ReadAction\",\"target\":[\"https:\\\/\\\/www.impactoneducation.org\\\/2025\\\/03\\\/24\\\/speak-up-for-the-future-of-education\\\/\"]}]},{\"@type\":\"ImageObject\",\"inLanguage\":\"es\",\"@id\":\"https:\\\/\\\/www.impactoneducation.org\\\/2025\\\/03\\\/24\\\/speak-up-for-the-future-of-education\\\/#primaryimage\",\"url\":\"https:\\\/\\\/www.impactoneducation.org\\\/wp-content\\\/uploads\\\/2025\\\/04\\\/Copy-of-Untitled-Design-5.jpg\",\"contentUrl\":\"https:\\\/\\\/www.impactoneducation.org\\\/wp-content\\\/uploads\\\/2025\\\/04\\\/Copy-of-Untitled-Design-5.jpg\",\"width\":1024,\"height\":512,\"caption\":\"Colorado state capitol with protesters outside\"},{\"@type\":\"BreadcrumbList\",\"@id\":\"https:\\\/\\\/www.impactoneducation.org\\\/2025\\\/03\\\/24\\\/speak-up-for-the-future-of-education\\\/#breadcrumb\",\"itemListElement\":[{\"@type\":\"ListItem\",\"position\":1,\"name\":\"Home\",\"item\":\"https:\\\/\\\/www.impactoneducation.org\\\/\"},{\"@type\":\"ListItem\",\"position\":2,\"name\":\"Speak up for the future of education\"}]},{\"@type\":\"WebSite\",\"@id\":\"https:\\\/\\\/www.impactoneducation.org\\\/#website\",\"url\":\"https:\\\/\\\/www.impactoneducation.org\\\/\",\"name\":\"Impact on Education\",\"description\":\"Foundation for Boulder Valley Schools\",\"publisher\":{\"@id\":\"https:\\\/\\\/www.impactoneducation.org\\\/#organization\"},\"potentialAction\":[{\"@type\":\"SearchAction\",\"target\":{\"@type\":\"EntryPoint\",\"urlTemplate\":\"https:\\\/\\\/www.impactoneducation.org\\\/?s={search_term_string}\"},\"query-input\":{\"@type\":\"PropertyValueSpecification\",\"valueRequired\":true,\"valueName\":\"search_term_string\"}}],\"inLanguage\":\"es\"},{\"@type\":\"Organization\",\"@id\":\"https:\\\/\\\/www.impactoneducation.org\\\/#organization\",\"name\":\"Impact on Education\",\"url\":\"https:\\\/\\\/www.impactoneducation.org\\\/\",\"logo\":{\"@type\":\"ImageObject\",\"inLanguage\":\"es\",\"@id\":\"https:\\\/\\\/www.impactoneducation.org\\\/#\\\/schema\\\/logo\\\/image\\\/\",\"url\":\"https:\\\/\\\/www.impactoneducation.org\\\/wp-content\\\/uploads\\\/2020\\\/09\\\/Impact-logo-poly.png\",\"contentUrl\":\"https:\\\/\\\/www.impactoneducation.org\\\/wp-content\\\/uploads\\\/2020\\\/09\\\/Impact-logo-poly.png\",\"width\":3455,\"height\":890,\"caption\":\"Impact on Education\"},\"image\":{\"@id\":\"https:\\\/\\\/www.impactoneducation.org\\\/#\\\/schema\\\/logo\\\/image\\\/\"},\"sameAs\":[\"https:\\\/\\\/www.facebook.com\\\/ImpactonEducation\",\"https:\\\/\\\/x.com\\\/ImpactOnEd\",\"https:\\\/\\\/www.instagram.com\\\/impactoneducation\\\/\",\"https:\\\/\\\/www.youtube.com\\\/channel\\\/UCtCaQkVhXiowqiNrIXQ1Lkw\"]},{\"@type\":\"Person\",\"@id\":\"https:\\\/\\\/www.impactoneducation.org\\\/#\\\/schema\\\/person\\\/b1bbd10a696c3f5e2526a1d39974c5b0\",\"name\":\"Avery Artman\",\"image\":{\"@type\":\"ImageObject\",\"inLanguage\":\"es\",\"@id\":\"https:\\\/\\\/secure.gravatar.com\\\/avatar\\\/4d740d04db7f696ce6ecf2de153f0aa6f2d333c0f21390f9c81ff65d689d8f89?s=96&d=mm&r=g\",\"url\":\"https:\\\/\\\/secure.gravatar.com\\\/avatar\\\/4d740d04db7f696ce6ecf2de153f0aa6f2d333c0f21390f9c81ff65d689d8f89?s=96&d=mm&r=g\",\"contentUrl\":\"https:\\\/\\\/secure.gravatar.com\\\/avatar\\\/4d740d04db7f696ce6ecf2de153f0aa6f2d333c0f21390f9c81ff65d689d8f89?s=96&d=mm&r=g\",\"caption\":\"Avery Artman\"},\"url\":\"https:\\\/\\\/www.impactoneducation.org\\\/es\\\/author\\\/aartman\\\/\"}]}<\/script>\n<!-- \/ Yoast SEO plugin. -->","yoast_head_json":{"title":"Speak up for the future of education &#8211; Impact on Education","description":"La semana pasada, nuestro equipo se uni\u00f3 a miles de educadores, estudiantes y miembros de la comunidad en el Capitolio para una manifestaci\u00f3n estatal, pidiendo no m\u00e1s recortes de fondos a la educaci\u00f3n.\u00a0","robots":{"index":"index","follow":"follow","max-snippet":"max-snippet:-1","max-image-preview":"max-image-preview:large","max-video-preview":"max-video-preview:-1"},"canonical":"https:\/\/www.impactoneducation.org\/es\/2025\/03\/24\/speak-up-for-the-future-of-education\/","og_locale":"es_MX","og_type":"article","og_title":"Speak up for the future of education","og_description":"Last week, our team joined thousands of educators, students, and community members at the Capitol for a statewide rally \u2014 calling for no more funding cuts to education.\u00a0","og_url":"https:\/\/www.impactoneducation.org\/es\/2025\/03\/24\/speak-up-for-the-future-of-education\/","og_site_name":"Impact on Education","article_publisher":"https:\/\/www.facebook.com\/ImpactonEducation","article_published_time":"2025-03-24T10:00:00+00:00","article_modified_time":"2025-04-01T22:07:03+00:00","og_image":[{"width":1024,"height":512,"url":"https:\/\/www.impactoneducation.org\/wp-content\/uploads\/2025\/04\/Copy-of-Untitled-Design-5.jpg","type":"image\/jpeg"}],"author":"Avery Artman","twitter_card":"summary_large_image","twitter_creator":"@ImpactOnEd","twitter_site":"@ImpactOnEd","twitter_misc":{"Escrito por":"Avery Artman","Tiempo de lectura":"2 minutos"},"schema":{"@context":"https:\/\/schema.org","@graph":[{"@type":"Article","@id":"https:\/\/www.impactoneducation.org\/2025\/03\/24\/speak-up-for-the-future-of-education\/#article","isPartOf":{"@id":"https:\/\/www.impactoneducation.org\/2025\/03\/24\/speak-up-for-the-future-of-education\/"},"author":{"name":"Avery Artman","@id":"https:\/\/www.impactoneducation.org\/#\/schema\/person\/b1bbd10a696c3f5e2526a1d39974c5b0"},"headline":"Speak up for the future of education","datePublished":"2025-03-24T10:00:00+00:00","dateModified":"2025-04-01T22:07:03+00:00","mainEntityOfPage":{"@id":"https:\/\/www.impactoneducation.org\/2025\/03\/24\/speak-up-for-the-future-of-education\/"},"wordCount":360,"publisher":{"@id":"https:\/\/www.impactoneducation.org\/#organization"},"image":{"@id":"https:\/\/www.impactoneducation.org\/2025\/03\/24\/speak-up-for-the-future-of-education\/#primaryimage"},"thumbnailUrl":"https:\/\/www.impactoneducation.org\/wp-content\/uploads\/2025\/04\/Copy-of-Untitled-Design-5.jpg","articleSection":["NEWS PAGE","Uncategorized"],"inLanguage":"es"},{"@type":"WebPage","@id":"https:\/\/www.impactoneducation.org\/2025\/03\/24\/speak-up-for-the-future-of-education\/","url":"https:\/\/www.impactoneducation.org\/2025\/03\/24\/speak-up-for-the-future-of-education\/","name":"Speak up for the future of education &#8211; Impact on Education","isPartOf":{"@id":"https:\/\/www.impactoneducation.org\/#website"},"primaryImageOfPage":{"@id":"https:\/\/www.impactoneducation.org\/2025\/03\/24\/speak-up-for-the-future-of-education\/#primaryimage"},"image":{"@id":"https:\/\/www.impactoneducation.org\/2025\/03\/24\/speak-up-for-the-future-of-education\/#primaryimage"},"thumbnailUrl":"https:\/\/www.impactoneducation.org\/wp-content\/uploads\/2025\/04\/Copy-of-Untitled-Design-5.jpg","datePublished":"2025-03-24T10:00:00+00:00","dateModified":"2025-04-01T22:07:03+00:00","description":"La semana pasada, nuestro equipo se uni\u00f3 a miles de educadores, estudiantes y miembros de la comunidad en el Capitolio para una manifestaci\u00f3n estatal, pidiendo no m\u00e1s recortes de fondos a la educaci\u00f3n.\u00a0","breadcrumb":{"@id":"https:\/\/www.impactoneducation.org\/2025\/03\/24\/speak-up-for-the-future-of-education\/#breadcrumb"},"inLanguage":"es","potentialAction":[{"@type":"ReadAction","target":["https:\/\/www.impactoneducation.org\/2025\/03\/24\/speak-up-for-the-future-of-education\/"]}]},{"@type":"ImageObject","inLanguage":"es","@id":"https:\/\/www.impactoneducation.org\/2025\/03\/24\/speak-up-for-the-future-of-education\/#primaryimage","url":"https:\/\/www.impactoneducation.org\/wp-content\/uploads\/2025\/04\/Copy-of-Untitled-Design-5.jpg","contentUrl":"https:\/\/www.impactoneducation.org\/wp-content\/uploads\/2025\/04\/Copy-of-Untitled-Design-5.jpg","width":1024,"height":512,"caption":"Colorado state capitol with protesters outside"},{"@type":"BreadcrumbList","@id":"https:\/\/www.impactoneducation.org\/2025\/03\/24\/speak-up-for-the-future-of-education\/#breadcrumb","itemListElement":[{"@type":"ListItem","position":1,"name":"Home","item":"https:\/\/www.impactoneducation.org\/"},{"@type":"ListItem","position":2,"name":"Speak up for the future of education"}]},{"@type":"WebSite","@id":"https:\/\/www.impactoneducation.org\/#website","url":"https:\/\/www.impactoneducation.org\/","name":"Impacto en la educaci\u00f3n","description":"Fundaci\u00f3n para las Escuelas del Valle de Boulder","publisher":{"@id":"https:\/\/www.impactoneducation.org\/#organization"},"potentialAction":[{"@type":"SearchAction","target":{"@type":"EntryPoint","urlTemplate":"https:\/\/www.impactoneducation.org\/?s={search_term_string}"},"query-input":{"@type":"PropertyValueSpecification","valueRequired":true,"valueName":"search_term_string"}}],"inLanguage":"es"},{"@type":"Organization","@id":"https:\/\/www.impactoneducation.org\/#organization","name":"Impacto en la educaci\u00f3n","url":"https:\/\/www.impactoneducation.org\/","logo":{"@type":"ImageObject","inLanguage":"es","@id":"https:\/\/www.impactoneducation.org\/#\/schema\/logo\/image\/","url":"https:\/\/www.impactoneducation.org\/wp-content\/uploads\/2020\/09\/Impact-logo-poly.png","contentUrl":"https:\/\/www.impactoneducation.org\/wp-content\/uploads\/2020\/09\/Impact-logo-poly.png","width":3455,"height":890,"caption":"Impact on Education"},"image":{"@id":"https:\/\/www.impactoneducation.org\/#\/schema\/logo\/image\/"},"sameAs":["https:\/\/www.facebook.com\/ImpactonEducation","https:\/\/x.com\/ImpactOnEd","https:\/\/www.instagram.com\/impactoneducation\/","https:\/\/www.youtube.com\/channel\/UCtCaQkVhXiowqiNrIXQ1Lkw"]},{"@type":"Person","@id":"https:\/\/www.impactoneducation.org\/#\/schema\/person\/b1bbd10a696c3f5e2526a1d39974c5b0","name":"Avery Artman","image":{"@type":"ImageObject","inLanguage":"es","@id":"https:\/\/secure.gravatar.com\/avatar\/4d740d04db7f696ce6ecf2de153f0aa6f2d333c0f21390f9c81ff65d689d8f89?s=96&d=mm&r=g","url":"https:\/\/secure.gravatar.com\/avatar\/4d740d04db7f696ce6ecf2de153f0aa6f2d333c0f21390f9c81ff65d689d8f89?s=96&d=mm&r=g","contentUrl":"https:\/\/secure.gravatar.com\/avatar\/4d740d04db7f696ce6ecf2de153f0aa6f2d333c0f21390f9c81ff65d689d8f89?s=96&d=mm&r=g","caption":"Avery Artman"},"url":"https:\/\/www.impactoneducation.org\/es\/author\/aartman\/"}]}},"_links":{"self":[{"href":"https:\/\/www.impactoneducation.org\/es\/wp-json\/wp\/v2\/posts\/11856","targetHints":{"allow":["GET"]}}],"collection":[{"href":"https:\/\/www.impactoneducation.org\/es\/wp-json\/wp\/v2\/posts"}],"about":[{"href":"https:\/\/www.impactoneducation.org\/es\/wp-json\/wp\/v2\/types\/post"}],"author":[{"embeddable":true,"href":"https:\/\/www.impactoneducation.org\/es\/wp-json\/wp\/v2\/users\/8"}],"replies":[{"embeddable":true,"href":"https:\/\/www.impactoneducation.org\/es\/wp-json\/wp\/v2\/comments?post=11856"}],"version-history":[{"count":19,"href":"https:\/\/www.impactoneducation.org\/es\/wp-json\/wp\/v2\/posts\/11856\/revisions"}],"predecessor-version":[{"id":11881,"href":"https:\/\/www.impactoneducation.org\/es\/wp-json\/wp\/v2\/posts\/11856\/revisions\/11881"}],"wp:featuredmedia":[{"embeddable":true,"href":"https:\/\/www.impactoneducation.org\/es\/wp-json\/wp\/v2\/media\/11859"}],"wp:attachment":[{"href":"https:\/\/www.impactoneducation.org\/es\/wp-json\/wp\/v2\/media?parent=11856"}],"wp:term":[{"taxonomy":"category","embeddable":true,"href":"https:\/\/www.impactoneducation.org\/es\/wp-json\/wp\/v2\/categories?post=11856"},{"taxonomy":"post_tag","embeddable":true,"href":"https:\/\/www.impactoneducation.org\/es\/wp-json\/wp\/v2\/tags?post=11856"}],"curies":[{"name":"gracias","href":"https:\/\/api.w.org\/{rel}","templated":true}]}}