{"id":3769,"date":"2021-05-11T14:22:13","date_gmt":"2021-05-11T14:22:13","guid":{"rendered":"https:\/\/www.impactoneducation.org\/?p=3769"},"modified":"2021-05-11T14:24:20","modified_gmt":"2021-05-11T14:24:20","slug":"student-spotlight-abby-cohen","status":"publish","type":"post","link":"https:\/\/www.impactoneducation.org\/es\/2021\/05\/11\/student-spotlight-abby-cohen\/","title":{"rendered":"Estudiante destacado: Abby Cohen"},"content":{"rendered":"<p><em>Por Karen Antonacci<\/em><\/p>\n\n\n\n<p>Abby Cohen sab\u00eda que era una estudiante obstinada de Fairview High, as\u00ed que cuando surgi\u00f3 la oportunidad de asesorar a la junta del Distrito Escolar del Valle de Boulder, aprovech\u00f3 la oportunidad.<\/p>\n\n\n\n<p>\u201cSiempre he dicho que el distrito escolar necesita escuchar m\u00e1s a los estudiantes y siempre me sent\u00ed un poco frustrado como si realmente no tuvi\u00e9ramos mucha voz. Entonces el <a href=\"https:\/\/www.impactoneducation.org\/es\/what-we-do\/programs-initiatives\/student-advisory-board\/\" target=\"_blank\" rel=\"noreferrer noopener\">Junta Consultiva Estudiantil<\/a> vino y fue perfecto \u201d, dijo.<\/p>\n\n\n\n<p>Abby est\u00e1 en el \u00faltimo a\u00f1o este a\u00f1o y comenz\u00f3 en el SAB en su tercer a\u00f1o. Dijo que disfrutaba abogando por cambios en el plan de estudios dentro del distrito escolar, espec\u00edficamente asegur\u00e1ndose de que los estudiantes de secundaria reciban clases de educaci\u00f3n c\u00edvica imparciales.<\/p>\n\n\n\n<p>\u201cEs muy importante, especialmente en este momento, entender la pol\u00edtica incluso si no est\u00e1s interesado en ella. Es realmente un componente importante para ser un miembro contribuyente de la sociedad \u201d, explic\u00f3 Abby. \u201cY Boulder es un lugar muy liberal, y si los ni\u00f1os no est\u00e1n aprendiendo sobre esos temas en la escuela, lo est\u00e1n obteniendo de sus padres y amigos y solo obtienen una opini\u00f3n en Boulder Bubble. Creo que llegar a un solo lado de todo es realmente peligroso &quot;.<\/p>\n\n\n\n<blockquote class=\"wp-block-quote is-layout-flow wp-block-quote-is-layout-flow\"><p>\u201cSiempre he dicho que el distrito escolar necesita escuchar m\u00e1s a los estudiantes y siempre me sent\u00ed un poco frustrado como si realmente no tuvi\u00e9ramos mucha voz. Luego lleg\u00f3 la Junta Asesora de Estudiantes y fue perfecto &quot;.<\/p><cite>Abby Cohen, estudiante de \u00faltimo a\u00f1o en Fairview High School<\/cite><\/blockquote>\n\n\n\n<p>Abby record\u00f3 un ayuntamiento previo a COVID al que los miembros de la Junta Asesora de Estudiantes asistieron con otras partes interesadas de BVSD sobre los planes de estudio.<\/p>\n\n\n\n<p>\u201cHab\u00eda tantos padres, educadores y personal, y \u00e9ramos las personas m\u00e1s j\u00f3venes en la sala. Todo el mundo estaba un poco impresionado como &#039;Woah, \u00bfpor qu\u00e9 est\u00e1n aqu\u00ed chicos?&#039; \u201d, Dijo. &quot;Nosotros somos los que realmente afectan las decisiones, as\u00ed que fue genial poder hablar con la gente y compartir nuestra experiencia y hacer que digan &#039;Oh, ni siquiera sab\u00eda eso&#039;&quot;.<\/p>\n\n\n\n<p>El SAB tuvo que cambiar su enfoque para ayudar al distrito escolar a hacer la transici\u00f3n de todos en l\u00ednea durante la pandemia, pero Abby tiene la esperanza de que la pr\u00f3xima cohorte pueda volver a concentrarse en el trabajo de evaluaci\u00f3n del plan de estudios.&nbsp;<\/p>\n\n\n\n<p>Ella dijo que ser un estudiante de \u00faltimo a\u00f1o de secundaria durante el COVID-19 fue dif\u00edcil, pero su clase de justicia penal de nivel universitario en el Boulder TEC la mantuvo cuerda.<\/p>\n\n\n\n<p>\u201cNo estoy dando clases en persona en Fairview porque realmente no veo el punto por m\u00ed mismo. A veces es m\u00e1s f\u00e1cil para m\u00ed aprender en casa y una parte de m\u00ed se alegra de no tener que estar en la escuela secundaria todos los d\u00edas. Pero creo que me volver\u00eda loca si no fuera en persona a ning\u00fan tipo de escuela \u201d, dijo.<\/p>\n\n\n\n<p>Abby est\u00e1 muy interesada en la justicia penal y estudiar\u00e1 justicia y derecho en la American University en Washington, DC en el oto\u00f1o.<\/p>\n\n\n\n<p>&quot;Definitivamente me gustar\u00eda convertirme en abogada, por lo que la facultad de derecho podr\u00eda ser en el futuro para m\u00ed, pero primero tengo que terminar la licenciatura&quot;, dijo.<\/p>","protected":false},"excerpt":{"rendered":"<p>Debido a la pandemia, la Junta de Avisos Estudiantiles cambi\u00f3 su enfoque para ayudar a la transici\u00f3n del distrito en l\u00ednea, pero Abby tiene la esperanza de que la pr\u00f3xima cohorte vuelva a enfocarse en la evaluaci\u00f3n del plan de estudios.<\/p>","protected":false},"author":3,"featured_media":3735,"comment_status":"open","ping_status":"open","sticky":false,"template":"","format":"standard","meta":{"_acf_changed":false,"_monsterinsights_skip_tracking":false,"_monsterinsights_sitenote_active":false,"_monsterinsights_sitenote_note":"","_monsterinsights_sitenote_category":0,"footnotes":""},"categories":[45],"tags":[],"class_list":["post-3769","post","type-post","status-publish","format-standard","has-post-thumbnail","hentry","category-student-advisory-board"],"acf":[],"yoast_head":"<!-- This site is optimized with the Yoast SEO plugin v27.4 - https:\/\/yoast.com\/product\/yoast-seo-wordpress\/ -->\n<title>Student Spotlight: Abby Cohen &#8211; Impact on Education<\/title>\n<meta name=\"robots\" content=\"index, follow, max-snippet:-1, max-image-preview:large, max-video-preview:-1\" \/>\n<link rel=\"canonical\" href=\"https:\/\/www.impactoneducation.org\/es\/2021\/05\/11\/student-spotlight-abby-cohen\/\" \/>\n<meta property=\"og:locale\" content=\"es_MX\" \/>\n<meta property=\"og:type\" content=\"article\" \/>\n<meta property=\"og:title\" content=\"Student Spotlight: Abby Cohen &#8211; Impact on Education\" \/>\n<meta property=\"og:description\" content=\"Due to the pandemic the Student Avisory Board shifted its focus to helping the district transition online, but Abby is hopeful the next cohort will refocus on curriculum evaluation.\" \/>\n<meta property=\"og:url\" content=\"https:\/\/www.impactoneducation.org\/es\/2021\/05\/11\/student-spotlight-abby-cohen\/\" \/>\n<meta property=\"og:site_name\" content=\"Impact on Education\" \/>\n<meta property=\"article:publisher\" content=\"https:\/\/www.facebook.com\/ImpactonEducation\" \/>\n<meta property=\"article:published_time\" content=\"2021-05-11T14:22:13+00:00\" \/>\n<meta property=\"article:modified_time\" content=\"2021-05-11T14:24:20+00:00\" \/>\n<meta property=\"og:image\" content=\"https:\/\/www.impactoneducation.org\/wp-content\/uploads\/2021\/04\/Copy-of-Blog-Images_Website.png\" \/>\n\t<meta property=\"og:image:width\" content=\"1800\" \/>\n\t<meta property=\"og:image:height\" content=\"900\" \/>\n\t<meta property=\"og:image:type\" content=\"image\/png\" \/>\n<meta name=\"author\" content=\"Catherine Wessling\" \/>\n<meta name=\"twitter:card\" content=\"summary_large_image\" \/>\n<meta name=\"twitter:creator\" content=\"@ImpactOnEd\" \/>\n<meta name=\"twitter:site\" content=\"@ImpactOnEd\" \/>\n<meta name=\"twitter:label1\" content=\"Escrito por\" \/>\n\t<meta name=\"twitter:data1\" content=\"Catherine Wessling\" \/>\n\t<meta name=\"twitter:label2\" content=\"Tiempo de lectura\" \/>\n\t<meta name=\"twitter:data2\" content=\"3 minutos\" \/>\n<script type=\"application\/ld+json\" class=\"yoast-schema-graph\">{\"@context\":\"https:\\\/\\\/schema.org\",\"@graph\":[{\"@type\":\"Article\",\"@id\":\"https:\\\/\\\/www.impactoneducation.org\\\/2021\\\/05\\\/11\\\/student-spotlight-abby-cohen\\\/#article\",\"isPartOf\":{\"@id\":\"https:\\\/\\\/www.impactoneducation.org\\\/2021\\\/05\\\/11\\\/student-spotlight-abby-cohen\\\/\"},\"author\":{\"name\":\"Catherine Wessling\",\"@id\":\"https:\\\/\\\/www.impactoneducation.org\\\/#\\\/schema\\\/person\\\/53d6cf23cef01a9acec9e8afc78177b2\"},\"headline\":\"Student Spotlight: Abby Cohen\",\"datePublished\":\"2021-05-11T14:22:13+00:00\",\"dateModified\":\"2021-05-11T14:24:20+00:00\",\"mainEntityOfPage\":{\"@id\":\"https:\\\/\\\/www.impactoneducation.org\\\/2021\\\/05\\\/11\\\/student-spotlight-abby-cohen\\\/\"},\"wordCount\":514,\"commentCount\":0,\"publisher\":{\"@id\":\"https:\\\/\\\/www.impactoneducation.org\\\/#organization\"},\"image\":{\"@id\":\"https:\\\/\\\/www.impactoneducation.org\\\/2021\\\/05\\\/11\\\/student-spotlight-abby-cohen\\\/#primaryimage\"},\"thumbnailUrl\":\"https:\\\/\\\/www.impactoneducation.org\\\/wp-content\\\/uploads\\\/2021\\\/04\\\/Copy-of-Blog-Images_Website.png\",\"articleSection\":[\"Student Advisory Board\"],\"inLanguage\":\"es\",\"potentialAction\":[{\"@type\":\"CommentAction\",\"name\":\"Comment\",\"target\":[\"https:\\\/\\\/www.impactoneducation.org\\\/2021\\\/05\\\/11\\\/student-spotlight-abby-cohen\\\/#respond\"]}]},{\"@type\":\"WebPage\",\"@id\":\"https:\\\/\\\/www.impactoneducation.org\\\/2021\\\/05\\\/11\\\/student-spotlight-abby-cohen\\\/\",\"url\":\"https:\\\/\\\/www.impactoneducation.org\\\/2021\\\/05\\\/11\\\/student-spotlight-abby-cohen\\\/\",\"name\":\"Student Spotlight: Abby Cohen &#8211; Impact on Education\",\"isPartOf\":{\"@id\":\"https:\\\/\\\/www.impactoneducation.org\\\/#website\"},\"primaryImageOfPage\":{\"@id\":\"https:\\\/\\\/www.impactoneducation.org\\\/2021\\\/05\\\/11\\\/student-spotlight-abby-cohen\\\/#primaryimage\"},\"image\":{\"@id\":\"https:\\\/\\\/www.impactoneducation.org\\\/2021\\\/05\\\/11\\\/student-spotlight-abby-cohen\\\/#primaryimage\"},\"thumbnailUrl\":\"https:\\\/\\\/www.impactoneducation.org\\\/wp-content\\\/uploads\\\/2021\\\/04\\\/Copy-of-Blog-Images_Website.png\",\"datePublished\":\"2021-05-11T14:22:13+00:00\",\"dateModified\":\"2021-05-11T14:24:20+00:00\",\"breadcrumb\":{\"@id\":\"https:\\\/\\\/www.impactoneducation.org\\\/2021\\\/05\\\/11\\\/student-spotlight-abby-cohen\\\/#breadcrumb\"},\"inLanguage\":\"es\",\"potentialAction\":[{\"@type\":\"ReadAction\",\"target\":[\"https:\\\/\\\/www.impactoneducation.org\\\/2021\\\/05\\\/11\\\/student-spotlight-abby-cohen\\\/\"]}]},{\"@type\":\"ImageObject\",\"inLanguage\":\"es\",\"@id\":\"https:\\\/\\\/www.impactoneducation.org\\\/2021\\\/05\\\/11\\\/student-spotlight-abby-cohen\\\/#primaryimage\",\"url\":\"https:\\\/\\\/www.impactoneducation.org\\\/wp-content\\\/uploads\\\/2021\\\/04\\\/Copy-of-Blog-Images_Website.png\",\"contentUrl\":\"https:\\\/\\\/www.impactoneducation.org\\\/wp-content\\\/uploads\\\/2021\\\/04\\\/Copy-of-Blog-Images_Website.png\",\"width\":1800,\"height\":900},{\"@type\":\"BreadcrumbList\",\"@id\":\"https:\\\/\\\/www.impactoneducation.org\\\/2021\\\/05\\\/11\\\/student-spotlight-abby-cohen\\\/#breadcrumb\",\"itemListElement\":[{\"@type\":\"ListItem\",\"position\":1,\"name\":\"Home\",\"item\":\"https:\\\/\\\/www.impactoneducation.org\\\/\"},{\"@type\":\"ListItem\",\"position\":2,\"name\":\"Student Spotlight: Abby Cohen\"}]},{\"@type\":\"WebSite\",\"@id\":\"https:\\\/\\\/www.impactoneducation.org\\\/#website\",\"url\":\"https:\\\/\\\/www.impactoneducation.org\\\/\",\"name\":\"Impact on Education\",\"description\":\"Foundation for Boulder Valley Schools\",\"publisher\":{\"@id\":\"https:\\\/\\\/www.impactoneducation.org\\\/#organization\"},\"potentialAction\":[{\"@type\":\"SearchAction\",\"target\":{\"@type\":\"EntryPoint\",\"urlTemplate\":\"https:\\\/\\\/www.impactoneducation.org\\\/?s={search_term_string}\"},\"query-input\":{\"@type\":\"PropertyValueSpecification\",\"valueRequired\":true,\"valueName\":\"search_term_string\"}}],\"inLanguage\":\"es\"},{\"@type\":\"Organization\",\"@id\":\"https:\\\/\\\/www.impactoneducation.org\\\/#organization\",\"name\":\"Impact on Education\",\"url\":\"https:\\\/\\\/www.impactoneducation.org\\\/\",\"logo\":{\"@type\":\"ImageObject\",\"inLanguage\":\"es\",\"@id\":\"https:\\\/\\\/www.impactoneducation.org\\\/#\\\/schema\\\/logo\\\/image\\\/\",\"url\":\"https:\\\/\\\/www.impactoneducation.org\\\/wp-content\\\/uploads\\\/2020\\\/09\\\/Impact-logo-poly.png\",\"contentUrl\":\"https:\\\/\\\/www.impactoneducation.org\\\/wp-content\\\/uploads\\\/2020\\\/09\\\/Impact-logo-poly.png\",\"width\":3455,\"height\":890,\"caption\":\"Impact on Education\"},\"image\":{\"@id\":\"https:\\\/\\\/www.impactoneducation.org\\\/#\\\/schema\\\/logo\\\/image\\\/\"},\"sameAs\":[\"https:\\\/\\\/www.facebook.com\\\/ImpactonEducation\",\"https:\\\/\\\/x.com\\\/ImpactOnEd\",\"https:\\\/\\\/www.instagram.com\\\/impactoneducation\\\/\",\"https:\\\/\\\/www.youtube.com\\\/channel\\\/UCtCaQkVhXiowqiNrIXQ1Lkw\"]},{\"@type\":\"Person\",\"@id\":\"https:\\\/\\\/www.impactoneducation.org\\\/#\\\/schema\\\/person\\\/53d6cf23cef01a9acec9e8afc78177b2\",\"name\":\"Catherine Wessling\",\"image\":{\"@type\":\"ImageObject\",\"inLanguage\":\"es\",\"@id\":\"https:\\\/\\\/secure.gravatar.com\\\/avatar\\\/4a2b01991d3545378a3a7363d434e2407cbea881d07be7459f1b25271e64fa85?s=96&d=mm&r=g\",\"url\":\"https:\\\/\\\/secure.gravatar.com\\\/avatar\\\/4a2b01991d3545378a3a7363d434e2407cbea881d07be7459f1b25271e64fa85?s=96&d=mm&r=g\",\"contentUrl\":\"https:\\\/\\\/secure.gravatar.com\\\/avatar\\\/4a2b01991d3545378a3a7363d434e2407cbea881d07be7459f1b25271e64fa85?s=96&d=mm&r=g\",\"caption\":\"Catherine Wessling\"},\"url\":\"https:\\\/\\\/www.impactoneducation.org\\\/es\\\/author\\\/admin\\\/\"}]}<\/script>\n<!-- \/ Yoast SEO plugin. -->","yoast_head_json":{"title":"Student Spotlight: Abby Cohen &#8211; Impact on Education","robots":{"index":"index","follow":"follow","max-snippet":"max-snippet:-1","max-image-preview":"max-image-preview:large","max-video-preview":"max-video-preview:-1"},"canonical":"https:\/\/www.impactoneducation.org\/es\/2021\/05\/11\/student-spotlight-abby-cohen\/","og_locale":"es_MX","og_type":"article","og_title":"Student Spotlight: Abby Cohen &#8211; Impact on Education","og_description":"Due to the pandemic the Student Avisory Board shifted its focus to helping the district transition online, but Abby is hopeful the next cohort will refocus on curriculum evaluation.","og_url":"https:\/\/www.impactoneducation.org\/es\/2021\/05\/11\/student-spotlight-abby-cohen\/","og_site_name":"Impact on Education","article_publisher":"https:\/\/www.facebook.com\/ImpactonEducation","article_published_time":"2021-05-11T14:22:13+00:00","article_modified_time":"2021-05-11T14:24:20+00:00","og_image":[{"width":1800,"height":900,"url":"https:\/\/www.impactoneducation.org\/wp-content\/uploads\/2021\/04\/Copy-of-Blog-Images_Website.png","type":"image\/png"}],"author":"Catherine Wessling","twitter_card":"summary_large_image","twitter_creator":"@ImpactOnEd","twitter_site":"@ImpactOnEd","twitter_misc":{"Escrito por":"Catherine Wessling","Tiempo de lectura":"3 minutos"},"schema":{"@context":"https:\/\/schema.org","@graph":[{"@type":"Article","@id":"https:\/\/www.impactoneducation.org\/2021\/05\/11\/student-spotlight-abby-cohen\/#article","isPartOf":{"@id":"https:\/\/www.impactoneducation.org\/2021\/05\/11\/student-spotlight-abby-cohen\/"},"author":{"name":"Catherine Wessling","@id":"https:\/\/www.impactoneducation.org\/#\/schema\/person\/53d6cf23cef01a9acec9e8afc78177b2"},"headline":"Student Spotlight: Abby Cohen","datePublished":"2021-05-11T14:22:13+00:00","dateModified":"2021-05-11T14:24:20+00:00","mainEntityOfPage":{"@id":"https:\/\/www.impactoneducation.org\/2021\/05\/11\/student-spotlight-abby-cohen\/"},"wordCount":514,"commentCount":0,"publisher":{"@id":"https:\/\/www.impactoneducation.org\/#organization"},"image":{"@id":"https:\/\/www.impactoneducation.org\/2021\/05\/11\/student-spotlight-abby-cohen\/#primaryimage"},"thumbnailUrl":"https:\/\/www.impactoneducation.org\/wp-content\/uploads\/2021\/04\/Copy-of-Blog-Images_Website.png","articleSection":["Student Advisory Board"],"inLanguage":"es","potentialAction":[{"@type":"CommentAction","name":"Comment","target":["https:\/\/www.impactoneducation.org\/2021\/05\/11\/student-spotlight-abby-cohen\/#respond"]}]},{"@type":"WebPage","@id":"https:\/\/www.impactoneducation.org\/2021\/05\/11\/student-spotlight-abby-cohen\/","url":"https:\/\/www.impactoneducation.org\/2021\/05\/11\/student-spotlight-abby-cohen\/","name":"Student Spotlight: Abby Cohen &#8211; Impact on Education","isPartOf":{"@id":"https:\/\/www.impactoneducation.org\/#website"},"primaryImageOfPage":{"@id":"https:\/\/www.impactoneducation.org\/2021\/05\/11\/student-spotlight-abby-cohen\/#primaryimage"},"image":{"@id":"https:\/\/www.impactoneducation.org\/2021\/05\/11\/student-spotlight-abby-cohen\/#primaryimage"},"thumbnailUrl":"https:\/\/www.impactoneducation.org\/wp-content\/uploads\/2021\/04\/Copy-of-Blog-Images_Website.png","datePublished":"2021-05-11T14:22:13+00:00","dateModified":"2021-05-11T14:24:20+00:00","breadcrumb":{"@id":"https:\/\/www.impactoneducation.org\/2021\/05\/11\/student-spotlight-abby-cohen\/#breadcrumb"},"inLanguage":"es","potentialAction":[{"@type":"ReadAction","target":["https:\/\/www.impactoneducation.org\/2021\/05\/11\/student-spotlight-abby-cohen\/"]}]},{"@type":"ImageObject","inLanguage":"es","@id":"https:\/\/www.impactoneducation.org\/2021\/05\/11\/student-spotlight-abby-cohen\/#primaryimage","url":"https:\/\/www.impactoneducation.org\/wp-content\/uploads\/2021\/04\/Copy-of-Blog-Images_Website.png","contentUrl":"https:\/\/www.impactoneducation.org\/wp-content\/uploads\/2021\/04\/Copy-of-Blog-Images_Website.png","width":1800,"height":900},{"@type":"BreadcrumbList","@id":"https:\/\/www.impactoneducation.org\/2021\/05\/11\/student-spotlight-abby-cohen\/#breadcrumb","itemListElement":[{"@type":"ListItem","position":1,"name":"Home","item":"https:\/\/www.impactoneducation.org\/"},{"@type":"ListItem","position":2,"name":"Student Spotlight: Abby Cohen"}]},{"@type":"WebSite","@id":"https:\/\/www.impactoneducation.org\/#website","url":"https:\/\/www.impactoneducation.org\/","name":"Impacto en la educaci\u00f3n","description":"Fundaci\u00f3n para las Escuelas del Valle de Boulder","publisher":{"@id":"https:\/\/www.impactoneducation.org\/#organization"},"potentialAction":[{"@type":"SearchAction","target":{"@type":"EntryPoint","urlTemplate":"https:\/\/www.impactoneducation.org\/?s={search_term_string}"},"query-input":{"@type":"PropertyValueSpecification","valueRequired":true,"valueName":"search_term_string"}}],"inLanguage":"es"},{"@type":"Organization","@id":"https:\/\/www.impactoneducation.org\/#organization","name":"Impacto en la educaci\u00f3n","url":"https:\/\/www.impactoneducation.org\/","logo":{"@type":"ImageObject","inLanguage":"es","@id":"https:\/\/www.impactoneducation.org\/#\/schema\/logo\/image\/","url":"https:\/\/www.impactoneducation.org\/wp-content\/uploads\/2020\/09\/Impact-logo-poly.png","contentUrl":"https:\/\/www.impactoneducation.org\/wp-content\/uploads\/2020\/09\/Impact-logo-poly.png","width":3455,"height":890,"caption":"Impact on Education"},"image":{"@id":"https:\/\/www.impactoneducation.org\/#\/schema\/logo\/image\/"},"sameAs":["https:\/\/www.facebook.com\/ImpactonEducation","https:\/\/x.com\/ImpactOnEd","https:\/\/www.instagram.com\/impactoneducation\/","https:\/\/www.youtube.com\/channel\/UCtCaQkVhXiowqiNrIXQ1Lkw"]},{"@type":"Person","@id":"https:\/\/www.impactoneducation.org\/#\/schema\/person\/53d6cf23cef01a9acec9e8afc78177b2","name":"Catherine Wessling","image":{"@type":"ImageObject","inLanguage":"es","@id":"https:\/\/secure.gravatar.com\/avatar\/4a2b01991d3545378a3a7363d434e2407cbea881d07be7459f1b25271e64fa85?s=96&d=mm&r=g","url":"https:\/\/secure.gravatar.com\/avatar\/4a2b01991d3545378a3a7363d434e2407cbea881d07be7459f1b25271e64fa85?s=96&d=mm&r=g","contentUrl":"https:\/\/secure.gravatar.com\/avatar\/4a2b01991d3545378a3a7363d434e2407cbea881d07be7459f1b25271e64fa85?s=96&d=mm&r=g","caption":"Catherine Wessling"},"url":"https:\/\/www.impactoneducation.org\/es\/author\/admin\/"}]}},"_links":{"self":[{"href":"https:\/\/www.impactoneducation.org\/es\/wp-json\/wp\/v2\/posts\/3769","targetHints":{"allow":["GET"]}}],"collection":[{"href":"https:\/\/www.impactoneducation.org\/es\/wp-json\/wp\/v2\/posts"}],"about":[{"href":"https:\/\/www.impactoneducation.org\/es\/wp-json\/wp\/v2\/types\/post"}],"author":[{"embeddable":true,"href":"https:\/\/www.impactoneducation.org\/es\/wp-json\/wp\/v2\/users\/3"}],"replies":[{"embeddable":true,"href":"https:\/\/www.impactoneducation.org\/es\/wp-json\/wp\/v2\/comments?post=3769"}],"version-history":[{"count":3,"href":"https:\/\/www.impactoneducation.org\/es\/wp-json\/wp\/v2\/posts\/3769\/revisions"}],"predecessor-version":[{"id":3772,"href":"https:\/\/www.impactoneducation.org\/es\/wp-json\/wp\/v2\/posts\/3769\/revisions\/3772"}],"wp:featuredmedia":[{"embeddable":true,"href":"https:\/\/www.impactoneducation.org\/es\/wp-json\/wp\/v2\/media\/3735"}],"wp:attachment":[{"href":"https:\/\/www.impactoneducation.org\/es\/wp-json\/wp\/v2\/media?parent=3769"}],"wp:term":[{"taxonomy":"category","embeddable":true,"href":"https:\/\/www.impactoneducation.org\/es\/wp-json\/wp\/v2\/categories?post=3769"},{"taxonomy":"post_tag","embeddable":true,"href":"https:\/\/www.impactoneducation.org\/es\/wp-json\/wp\/v2\/tags?post=3769"}],"curies":[{"name":"gracias","href":"https:\/\/api.w.org\/{rel}","templated":true}]}}