{"id":4032,"date":"2021-08-05T13:25:20","date_gmt":"2021-08-05T13:25:20","guid":{"rendered":"https:\/\/www.impactoneducation.org\/?p=4032"},"modified":"2021-09-24T14:44:49","modified_gmt":"2021-09-24T14:44:49","slug":"what-i-know-now-yancey-spruill","status":"publish","type":"post","link":"https:\/\/www.impactoneducation.org\/es\/2021\/08\/05\/what-i-know-now-yancey-spruill\/","title":{"rendered":"Lo que s\u00e9 ahora: Yancey Spruill, director ejecutivo de DigitalOcean"},"content":{"rendered":"<blockquote class=\"wp-block-quote is-layout-flow wp-block-quote-is-layout-flow\"><p>Para moverte por la vida tanto profesional como personalmente, tienes que ser una buena persona.<\/p><cite><em>Yancey Spruill, director ejecutivo de DigitalOcean<\/em><\/cite><\/blockquote>\n\n\n\n<div style=\"height:20px\" aria-hidden=\"true\" class=\"wp-block-spacer\"><\/div>\n\n\n\n<h2 class=\"wp-block-heading\" id=\"block-51bea8d3-5a12-4e96-9450-97c7c34814a8\"><strong>Lo que s\u00e9 ahora: Yancey Spruill, director ejecutivo de DigitalOcean<\/strong><\/h2>\n\n\n\n<p id=\"block-1dd4c801-0463-43a5-9e5e-f75b5bbd9f93\">Noah, miembro de la Junta Asesora de Estudiantes, tuvo la oportunidad de hablar con Yancey Spruill, CEO de DigitalOcean, justo antes de graduarse de la escuela secundaria. Yancey comparti\u00f3 ideas de su educaci\u00f3n y su viaje profesional desde ingeniero hasta Wall Street para trabajar en tecnolog\u00eda. Sintonice nuestro \u00faltimo episodio de <em>Lo que se ahora <\/em>para escuchar estos aspectos destacados y m\u00e1s de la entrevista de Yancey:&nbsp;<\/p>\n\n\n\n<ul class=\"wp-block-list\" id=\"block-fab6bbb0-df14-4506-b5ba-6d7dfe03600d\"><li>usar estad\u00edsticas para evaluar el riesgo en su vida diaria<\/li><li>la importancia de aprender y crecer siempre<\/li><li>los beneficios que aporta la flexibilidad a los entornos de trabajo y aprendizaje<\/li><li>su perspectiva sobre cuestiones de raza y clase<\/li><\/ul>\n\n\n\n<div style=\"height:21px\" aria-hidden=\"true\" class=\"wp-block-spacer\"><\/div>\n\n\n\n<figure class=\"wp-block-embed is-type-video is-provider-youtube wp-block-embed-youtube wp-embed-aspect-16-9 wp-has-aspect-ratio\"><div class=\"wp-block-embed__wrapper\">\n<div class=\"embed-container\"><iframe loading=\"lazy\" title=\"Lo que s\u00e9 ahora - Yancey Spruill\" width=\"500\" height=\"281\" src=\"https:\/\/www.youtube.com\/embed\/cZtu6HbbeMc?feature=oembed\" frameborder=\"0\" allow=\"accelerometer; autoplay; clipboard-write; encrypted-media; gyroscope; picture-in-picture; web-share\" referrerpolicy=\"strict-origin-when-cross-origin\" allowfullscreen><\/iframe><\/div>\n<\/div><\/figure>\n\n\n\n<div style=\"height:21px\" aria-hidden=\"true\" class=\"wp-block-spacer\"><\/div>\n\n\n\n<p id=\"block-60fca6ee-4a3e-4ef4-b460-812afe8a8700\"><strong>Acerca de Yancey Spruill<\/strong><br>Como director ejecutivo, Yancey impulsa la estrategia general de DigitalOcean liderando a la empresa a trav\u00e9s de su siguiente fase de crecimiento rentable. Aporta una gran experiencia t\u00e9cnica, financiera y de liderazgo y pas\u00f3 los \u00faltimos 15 a\u00f1os en puestos ejecutivos senior en empresas de tecnolog\u00eda como SendGrid y DigitalGlobe. Yancey comenz\u00f3 su carrera trabajando como ingeniero de fabricaci\u00f3n en Corning Incorporated y The Clorox Company. Tambi\u00e9n tiene una amplia experiencia en banca de inversi\u00f3n centrada en fusiones y adquisiciones en JPMorgan, Lehman Brothers y Thomas Weisel Partners. <a href=\"https:\/\/investors.digitalocean.com\/governance\/executive-management\/default.aspx\" target=\"_blank\" rel=\"noreferrer noopener\">M\u00e1s sobre Yancey &gt;&gt;<\/a><\/p>\n\n\n\n<p id=\"block-9a79754c-a2c1-481e-b1ee-ee81005b60cf\"><strong>Acerca de la Junta Asesora de Estudiantes<\/strong><br>Nuestra Junta Asesora de Estudiantes (SAB) es una experiencia de liderazgo colaborativo para los estudiantes de secundaria del Distrito Escolar del Valle de Boulder. El SAB re\u00fane a 13 estudiantes matriculados en las escuelas secundarias de Boulder Valley para compartir sus perspectivas con el fin de asesorar las iniciativas de Impact on Education y guiar nuestras inversiones. <a href=\"https:\/\/www.impactoneducation.org\/es\/what-we-do\/programs-initiatives\/student-advisory-board\/\" target=\"_blank\" rel=\"noreferrer noopener\">M\u00e1s sobre SAB &gt;&gt;<\/a><\/p>","protected":false},"excerpt":{"rendered":"<p>Yancey comparte ideas de su viaje profesional de ingeniero a Wall Street para trabajar en tecnolog\u00eda, los beneficios que la flexibilidad aporta al trabajo y al aprendizaje, y su perspectiva sobre cuestiones de raza y clase.<\/p>","protected":false},"author":3,"featured_media":4033,"comment_status":"open","ping_status":"open","sticky":false,"template":"","format":"standard","meta":{"_acf_changed":false,"_monsterinsights_skip_tracking":false,"_monsterinsights_sitenote_active":false,"_monsterinsights_sitenote_note":"","_monsterinsights_sitenote_category":0,"footnotes":""},"categories":[46,74,45,76],"tags":[],"class_list":["post-4032","post","type-post","status-publish","format-standard","has-post-thumbnail","hentry","category-diversity-equity-and-inclusion","category-news-page","category-student-advisory-board","category-what-i-know-now"],"acf":[],"yoast_head":"<!-- This site is optimized with the Yoast SEO plugin v27.4 - https:\/\/yoast.com\/product\/yoast-seo-wordpress\/ -->\n<title>What I Know Now: Yancey Spruill, CEO DigitalOcean &#8211; Impact on Education<\/title>\n<meta name=\"robots\" content=\"index, follow, max-snippet:-1, max-image-preview:large, max-video-preview:-1\" \/>\n<link rel=\"canonical\" href=\"https:\/\/www.impactoneducation.org\/es\/2021\/08\/05\/what-i-know-now-yancey-spruill\/\" \/>\n<meta property=\"og:locale\" content=\"es_MX\" \/>\n<meta property=\"og:type\" content=\"article\" \/>\n<meta property=\"og:title\" content=\"What I Know Now: Yancey Spruill, CEO DigitalOcean &#8211; Impact on Education\" \/>\n<meta property=\"og:description\" content=\"Yancey shares insights from his professional journey from engineer to Wall Street to working in technology, the benefits flexibility brings to work and learning, and his perspective on issues of race and class.\" \/>\n<meta property=\"og:url\" content=\"https:\/\/www.impactoneducation.org\/es\/2021\/08\/05\/what-i-know-now-yancey-spruill\/\" \/>\n<meta property=\"og:site_name\" content=\"Impact on Education\" \/>\n<meta property=\"article:publisher\" content=\"https:\/\/www.facebook.com\/ImpactonEducation\" \/>\n<meta property=\"article:published_time\" content=\"2021-08-05T13:25:20+00:00\" \/>\n<meta property=\"article:modified_time\" content=\"2021-09-24T14:44:49+00:00\" \/>\n<meta property=\"og:image\" content=\"https:\/\/www.impactoneducation.org\/wp-content\/uploads\/2021\/08\/yancy-screenshot.png\" \/>\n\t<meta property=\"og:image:width\" content=\"1822\" \/>\n\t<meta property=\"og:image:height\" content=\"1025\" \/>\n\t<meta property=\"og:image:type\" content=\"image\/png\" \/>\n<meta name=\"author\" content=\"Catherine Wessling\" \/>\n<meta name=\"twitter:card\" content=\"summary_large_image\" \/>\n<meta name=\"twitter:image\" content=\"https:\/\/www.impactoneducation.org\/wp-content\/uploads\/2021\/08\/yancy-screenshot.png\" \/>\n<meta name=\"twitter:creator\" content=\"@ImpactOnEd\" \/>\n<meta name=\"twitter:site\" content=\"@ImpactOnEd\" \/>\n<meta name=\"twitter:label1\" content=\"Escrito por\" \/>\n\t<meta name=\"twitter:data1\" content=\"Catherine Wessling\" \/>\n\t<meta name=\"twitter:label2\" content=\"Tiempo de lectura\" \/>\n\t<meta name=\"twitter:data2\" content=\"2 minutos\" \/>\n<script type=\"application\/ld+json\" class=\"yoast-schema-graph\">{\"@context\":\"https:\\\/\\\/schema.org\",\"@graph\":[{\"@type\":\"Article\",\"@id\":\"https:\\\/\\\/www.impactoneducation.org\\\/2021\\\/08\\\/05\\\/what-i-know-now-yancey-spruill\\\/#article\",\"isPartOf\":{\"@id\":\"https:\\\/\\\/www.impactoneducation.org\\\/2021\\\/08\\\/05\\\/what-i-know-now-yancey-spruill\\\/\"},\"author\":{\"name\":\"Catherine Wessling\",\"@id\":\"https:\\\/\\\/www.impactoneducation.org\\\/#\\\/schema\\\/person\\\/53d6cf23cef01a9acec9e8afc78177b2\"},\"headline\":\"What I Know Now: Yancey Spruill, CEO DigitalOcean\",\"datePublished\":\"2021-08-05T13:25:20+00:00\",\"dateModified\":\"2021-09-24T14:44:49+00:00\",\"mainEntityOfPage\":{\"@id\":\"https:\\\/\\\/www.impactoneducation.org\\\/2021\\\/08\\\/05\\\/what-i-know-now-yancey-spruill\\\/\"},\"wordCount\":288,\"commentCount\":0,\"publisher\":{\"@id\":\"https:\\\/\\\/www.impactoneducation.org\\\/#organization\"},\"image\":{\"@id\":\"https:\\\/\\\/www.impactoneducation.org\\\/2021\\\/08\\\/05\\\/what-i-know-now-yancey-spruill\\\/#primaryimage\"},\"thumbnailUrl\":\"https:\\\/\\\/www.impactoneducation.org\\\/wp-content\\\/uploads\\\/2021\\\/08\\\/yancy-solo-screenshot.png\",\"articleSection\":[\"Diversity, Equity and Inclusion\",\"NEWS PAGE\",\"Student Advisory Board\",\"What I Know Now\"],\"inLanguage\":\"es\",\"potentialAction\":[{\"@type\":\"CommentAction\",\"name\":\"Comment\",\"target\":[\"https:\\\/\\\/www.impactoneducation.org\\\/2021\\\/08\\\/05\\\/what-i-know-now-yancey-spruill\\\/#respond\"]}]},{\"@type\":\"WebPage\",\"@id\":\"https:\\\/\\\/www.impactoneducation.org\\\/2021\\\/08\\\/05\\\/what-i-know-now-yancey-spruill\\\/\",\"url\":\"https:\\\/\\\/www.impactoneducation.org\\\/2021\\\/08\\\/05\\\/what-i-know-now-yancey-spruill\\\/\",\"name\":\"What I Know Now: Yancey Spruill, CEO DigitalOcean &#8211; Impact on Education\",\"isPartOf\":{\"@id\":\"https:\\\/\\\/www.impactoneducation.org\\\/#website\"},\"primaryImageOfPage\":{\"@id\":\"https:\\\/\\\/www.impactoneducation.org\\\/2021\\\/08\\\/05\\\/what-i-know-now-yancey-spruill\\\/#primaryimage\"},\"image\":{\"@id\":\"https:\\\/\\\/www.impactoneducation.org\\\/2021\\\/08\\\/05\\\/what-i-know-now-yancey-spruill\\\/#primaryimage\"},\"thumbnailUrl\":\"https:\\\/\\\/www.impactoneducation.org\\\/wp-content\\\/uploads\\\/2021\\\/08\\\/yancy-solo-screenshot.png\",\"datePublished\":\"2021-08-05T13:25:20+00:00\",\"dateModified\":\"2021-09-24T14:44:49+00:00\",\"breadcrumb\":{\"@id\":\"https:\\\/\\\/www.impactoneducation.org\\\/2021\\\/08\\\/05\\\/what-i-know-now-yancey-spruill\\\/#breadcrumb\"},\"inLanguage\":\"es\",\"potentialAction\":[{\"@type\":\"ReadAction\",\"target\":[\"https:\\\/\\\/www.impactoneducation.org\\\/2021\\\/08\\\/05\\\/what-i-know-now-yancey-spruill\\\/\"]}]},{\"@type\":\"ImageObject\",\"inLanguage\":\"es\",\"@id\":\"https:\\\/\\\/www.impactoneducation.org\\\/2021\\\/08\\\/05\\\/what-i-know-now-yancey-spruill\\\/#primaryimage\",\"url\":\"https:\\\/\\\/www.impactoneducation.org\\\/wp-content\\\/uploads\\\/2021\\\/08\\\/yancy-solo-screenshot.png\",\"contentUrl\":\"https:\\\/\\\/www.impactoneducation.org\\\/wp-content\\\/uploads\\\/2021\\\/08\\\/yancy-solo-screenshot.png\",\"width\":912,\"height\":512},{\"@type\":\"BreadcrumbList\",\"@id\":\"https:\\\/\\\/www.impactoneducation.org\\\/2021\\\/08\\\/05\\\/what-i-know-now-yancey-spruill\\\/#breadcrumb\",\"itemListElement\":[{\"@type\":\"ListItem\",\"position\":1,\"name\":\"Home\",\"item\":\"https:\\\/\\\/www.impactoneducation.org\\\/\"},{\"@type\":\"ListItem\",\"position\":2,\"name\":\"What I Know Now: Yancey Spruill, CEO DigitalOcean\"}]},{\"@type\":\"WebSite\",\"@id\":\"https:\\\/\\\/www.impactoneducation.org\\\/#website\",\"url\":\"https:\\\/\\\/www.impactoneducation.org\\\/\",\"name\":\"Impact on Education\",\"description\":\"Foundation for Boulder Valley Schools\",\"publisher\":{\"@id\":\"https:\\\/\\\/www.impactoneducation.org\\\/#organization\"},\"potentialAction\":[{\"@type\":\"SearchAction\",\"target\":{\"@type\":\"EntryPoint\",\"urlTemplate\":\"https:\\\/\\\/www.impactoneducation.org\\\/?s={search_term_string}\"},\"query-input\":{\"@type\":\"PropertyValueSpecification\",\"valueRequired\":true,\"valueName\":\"search_term_string\"}}],\"inLanguage\":\"es\"},{\"@type\":\"Organization\",\"@id\":\"https:\\\/\\\/www.impactoneducation.org\\\/#organization\",\"name\":\"Impact on Education\",\"url\":\"https:\\\/\\\/www.impactoneducation.org\\\/\",\"logo\":{\"@type\":\"ImageObject\",\"inLanguage\":\"es\",\"@id\":\"https:\\\/\\\/www.impactoneducation.org\\\/#\\\/schema\\\/logo\\\/image\\\/\",\"url\":\"https:\\\/\\\/www.impactoneducation.org\\\/wp-content\\\/uploads\\\/2020\\\/09\\\/Impact-logo-poly.png\",\"contentUrl\":\"https:\\\/\\\/www.impactoneducation.org\\\/wp-content\\\/uploads\\\/2020\\\/09\\\/Impact-logo-poly.png\",\"width\":3455,\"height\":890,\"caption\":\"Impact on Education\"},\"image\":{\"@id\":\"https:\\\/\\\/www.impactoneducation.org\\\/#\\\/schema\\\/logo\\\/image\\\/\"},\"sameAs\":[\"https:\\\/\\\/www.facebook.com\\\/ImpactonEducation\",\"https:\\\/\\\/x.com\\\/ImpactOnEd\",\"https:\\\/\\\/www.instagram.com\\\/impactoneducation\\\/\",\"https:\\\/\\\/www.youtube.com\\\/channel\\\/UCtCaQkVhXiowqiNrIXQ1Lkw\"]},{\"@type\":\"Person\",\"@id\":\"https:\\\/\\\/www.impactoneducation.org\\\/#\\\/schema\\\/person\\\/53d6cf23cef01a9acec9e8afc78177b2\",\"name\":\"Catherine Wessling\",\"image\":{\"@type\":\"ImageObject\",\"inLanguage\":\"es\",\"@id\":\"https:\\\/\\\/secure.gravatar.com\\\/avatar\\\/4a2b01991d3545378a3a7363d434e2407cbea881d07be7459f1b25271e64fa85?s=96&d=mm&r=g\",\"url\":\"https:\\\/\\\/secure.gravatar.com\\\/avatar\\\/4a2b01991d3545378a3a7363d434e2407cbea881d07be7459f1b25271e64fa85?s=96&d=mm&r=g\",\"contentUrl\":\"https:\\\/\\\/secure.gravatar.com\\\/avatar\\\/4a2b01991d3545378a3a7363d434e2407cbea881d07be7459f1b25271e64fa85?s=96&d=mm&r=g\",\"caption\":\"Catherine Wessling\"},\"url\":\"https:\\\/\\\/www.impactoneducation.org\\\/es\\\/author\\\/admin\\\/\"}]}<\/script>\n<!-- \/ Yoast SEO plugin. -->","yoast_head_json":{"title":"Lo que s\u00e9 ahora: Yancey Spruill, director ejecutivo de DigitalOcean \u2013 Impacto en la educaci\u00f3n","robots":{"index":"index","follow":"follow","max-snippet":"max-snippet:-1","max-image-preview":"max-image-preview:large","max-video-preview":"max-video-preview:-1"},"canonical":"https:\/\/www.impactoneducation.org\/es\/2021\/08\/05\/what-i-know-now-yancey-spruill\/","og_locale":"es_MX","og_type":"article","og_title":"What I Know Now: Yancey Spruill, CEO DigitalOcean &#8211; Impact on Education","og_description":"Yancey shares insights from his professional journey from engineer to Wall Street to working in technology, the benefits flexibility brings to work and learning, and his perspective on issues of race and class.","og_url":"https:\/\/www.impactoneducation.org\/es\/2021\/08\/05\/what-i-know-now-yancey-spruill\/","og_site_name":"Impact on Education","article_publisher":"https:\/\/www.facebook.com\/ImpactonEducation","article_published_time":"2021-08-05T13:25:20+00:00","article_modified_time":"2021-09-24T14:44:49+00:00","og_image":[{"width":1822,"height":1025,"url":"https:\/\/www.impactoneducation.org\/wp-content\/uploads\/2021\/08\/yancy-screenshot.png","type":"image\/png"}],"author":"Catherine Wessling","twitter_card":"summary_large_image","twitter_image":"https:\/\/www.impactoneducation.org\/wp-content\/uploads\/2021\/08\/yancy-screenshot.png","twitter_creator":"@ImpactOnEd","twitter_site":"@ImpactOnEd","twitter_misc":{"Escrito por":"Catherine Wessling","Tiempo de lectura":"2 minutos"},"schema":{"@context":"https:\/\/schema.org","@graph":[{"@type":"Article","@id":"https:\/\/www.impactoneducation.org\/2021\/08\/05\/what-i-know-now-yancey-spruill\/#article","isPartOf":{"@id":"https:\/\/www.impactoneducation.org\/2021\/08\/05\/what-i-know-now-yancey-spruill\/"},"author":{"name":"Catherine Wessling","@id":"https:\/\/www.impactoneducation.org\/#\/schema\/person\/53d6cf23cef01a9acec9e8afc78177b2"},"headline":"What I Know Now: Yancey Spruill, CEO DigitalOcean","datePublished":"2021-08-05T13:25:20+00:00","dateModified":"2021-09-24T14:44:49+00:00","mainEntityOfPage":{"@id":"https:\/\/www.impactoneducation.org\/2021\/08\/05\/what-i-know-now-yancey-spruill\/"},"wordCount":288,"commentCount":0,"publisher":{"@id":"https:\/\/www.impactoneducation.org\/#organization"},"image":{"@id":"https:\/\/www.impactoneducation.org\/2021\/08\/05\/what-i-know-now-yancey-spruill\/#primaryimage"},"thumbnailUrl":"https:\/\/www.impactoneducation.org\/wp-content\/uploads\/2021\/08\/yancy-solo-screenshot.png","articleSection":["Diversity, Equity and Inclusion","NEWS PAGE","Student Advisory Board","What I Know Now"],"inLanguage":"es","potentialAction":[{"@type":"CommentAction","name":"Comment","target":["https:\/\/www.impactoneducation.org\/2021\/08\/05\/what-i-know-now-yancey-spruill\/#respond"]}]},{"@type":"WebPage","@id":"https:\/\/www.impactoneducation.org\/2021\/08\/05\/what-i-know-now-yancey-spruill\/","url":"https:\/\/www.impactoneducation.org\/2021\/08\/05\/what-i-know-now-yancey-spruill\/","name":"Lo que s\u00e9 ahora: Yancey Spruill, director ejecutivo de DigitalOcean \u2013 Impacto en la educaci\u00f3n","isPartOf":{"@id":"https:\/\/www.impactoneducation.org\/#website"},"primaryImageOfPage":{"@id":"https:\/\/www.impactoneducation.org\/2021\/08\/05\/what-i-know-now-yancey-spruill\/#primaryimage"},"image":{"@id":"https:\/\/www.impactoneducation.org\/2021\/08\/05\/what-i-know-now-yancey-spruill\/#primaryimage"},"thumbnailUrl":"https:\/\/www.impactoneducation.org\/wp-content\/uploads\/2021\/08\/yancy-solo-screenshot.png","datePublished":"2021-08-05T13:25:20+00:00","dateModified":"2021-09-24T14:44:49+00:00","breadcrumb":{"@id":"https:\/\/www.impactoneducation.org\/2021\/08\/05\/what-i-know-now-yancey-spruill\/#breadcrumb"},"inLanguage":"es","potentialAction":[{"@type":"ReadAction","target":["https:\/\/www.impactoneducation.org\/2021\/08\/05\/what-i-know-now-yancey-spruill\/"]}]},{"@type":"ImageObject","inLanguage":"es","@id":"https:\/\/www.impactoneducation.org\/2021\/08\/05\/what-i-know-now-yancey-spruill\/#primaryimage","url":"https:\/\/www.impactoneducation.org\/wp-content\/uploads\/2021\/08\/yancy-solo-screenshot.png","contentUrl":"https:\/\/www.impactoneducation.org\/wp-content\/uploads\/2021\/08\/yancy-solo-screenshot.png","width":912,"height":512},{"@type":"BreadcrumbList","@id":"https:\/\/www.impactoneducation.org\/2021\/08\/05\/what-i-know-now-yancey-spruill\/#breadcrumb","itemListElement":[{"@type":"ListItem","position":1,"name":"Home","item":"https:\/\/www.impactoneducation.org\/"},{"@type":"ListItem","position":2,"name":"What I Know Now: Yancey Spruill, CEO DigitalOcean"}]},{"@type":"WebSite","@id":"https:\/\/www.impactoneducation.org\/#website","url":"https:\/\/www.impactoneducation.org\/","name":"Impacto en la educaci\u00f3n","description":"Fundaci\u00f3n para las Escuelas del Valle de Boulder","publisher":{"@id":"https:\/\/www.impactoneducation.org\/#organization"},"potentialAction":[{"@type":"SearchAction","target":{"@type":"EntryPoint","urlTemplate":"https:\/\/www.impactoneducation.org\/?s={search_term_string}"},"query-input":{"@type":"PropertyValueSpecification","valueRequired":true,"valueName":"search_term_string"}}],"inLanguage":"es"},{"@type":"Organization","@id":"https:\/\/www.impactoneducation.org\/#organization","name":"Impacto en la educaci\u00f3n","url":"https:\/\/www.impactoneducation.org\/","logo":{"@type":"ImageObject","inLanguage":"es","@id":"https:\/\/www.impactoneducation.org\/#\/schema\/logo\/image\/","url":"https:\/\/www.impactoneducation.org\/wp-content\/uploads\/2020\/09\/Impact-logo-poly.png","contentUrl":"https:\/\/www.impactoneducation.org\/wp-content\/uploads\/2020\/09\/Impact-logo-poly.png","width":3455,"height":890,"caption":"Impact on Education"},"image":{"@id":"https:\/\/www.impactoneducation.org\/#\/schema\/logo\/image\/"},"sameAs":["https:\/\/www.facebook.com\/ImpactonEducation","https:\/\/x.com\/ImpactOnEd","https:\/\/www.instagram.com\/impactoneducation\/","https:\/\/www.youtube.com\/channel\/UCtCaQkVhXiowqiNrIXQ1Lkw"]},{"@type":"Person","@id":"https:\/\/www.impactoneducation.org\/#\/schema\/person\/53d6cf23cef01a9acec9e8afc78177b2","name":"Catherine Wessling","image":{"@type":"ImageObject","inLanguage":"es","@id":"https:\/\/secure.gravatar.com\/avatar\/4a2b01991d3545378a3a7363d434e2407cbea881d07be7459f1b25271e64fa85?s=96&d=mm&r=g","url":"https:\/\/secure.gravatar.com\/avatar\/4a2b01991d3545378a3a7363d434e2407cbea881d07be7459f1b25271e64fa85?s=96&d=mm&r=g","contentUrl":"https:\/\/secure.gravatar.com\/avatar\/4a2b01991d3545378a3a7363d434e2407cbea881d07be7459f1b25271e64fa85?s=96&d=mm&r=g","caption":"Catherine Wessling"},"url":"https:\/\/www.impactoneducation.org\/es\/author\/admin\/"}]}},"_links":{"self":[{"href":"https:\/\/www.impactoneducation.org\/es\/wp-json\/wp\/v2\/posts\/4032","targetHints":{"allow":["GET"]}}],"collection":[{"href":"https:\/\/www.impactoneducation.org\/es\/wp-json\/wp\/v2\/posts"}],"about":[{"href":"https:\/\/www.impactoneducation.org\/es\/wp-json\/wp\/v2\/types\/post"}],"author":[{"embeddable":true,"href":"https:\/\/www.impactoneducation.org\/es\/wp-json\/wp\/v2\/users\/3"}],"replies":[{"embeddable":true,"href":"https:\/\/www.impactoneducation.org\/es\/wp-json\/wp\/v2\/comments?post=4032"}],"version-history":[{"count":4,"href":"https:\/\/www.impactoneducation.org\/es\/wp-json\/wp\/v2\/posts\/4032\/revisions"}],"predecessor-version":[{"id":4047,"href":"https:\/\/www.impactoneducation.org\/es\/wp-json\/wp\/v2\/posts\/4032\/revisions\/4047"}],"wp:featuredmedia":[{"embeddable":true,"href":"https:\/\/www.impactoneducation.org\/es\/wp-json\/wp\/v2\/media\/4033"}],"wp:attachment":[{"href":"https:\/\/www.impactoneducation.org\/es\/wp-json\/wp\/v2\/media?parent=4032"}],"wp:term":[{"taxonomy":"category","embeddable":true,"href":"https:\/\/www.impactoneducation.org\/es\/wp-json\/wp\/v2\/categories?post=4032"},{"taxonomy":"post_tag","embeddable":true,"href":"https:\/\/www.impactoneducation.org\/es\/wp-json\/wp\/v2\/tags?post=4032"}],"curies":[{"name":"gracias","href":"https:\/\/api.w.org\/{rel}","templated":true}]}}