{"id":6178,"date":"2022-07-07T02:03:28","date_gmt":"2022-07-07T02:03:28","guid":{"rendered":"https:\/\/www.impactoneducation.org\/?p=6178"},"modified":"2023-09-13T22:16:35","modified_gmt":"2023-09-13T22:16:35","slug":"were-challenging-the-community-to-raise-25000-for-back-to-school-supplies","status":"publish","type":"post","link":"https:\/\/www.impactoneducation.org\/es\/2022\/07\/07\/were-challenging-the-community-to-raise-25000-for-back-to-school-supplies\/","title":{"rendered":"Retamos a la comunidad de BVSD a recaudar $25,000 para \u00fatiles escolares para el regreso a clases"},"content":{"rendered":"<h1 class=\"wp-block-heading\">Retamos a la comunidad de BVSD a recaudar $25,000 para \u00fatiles escolares para el regreso a clases<\/h1>\n\n\n\n<p>Trabajamos todo el a\u00f1o para brindar oportunidades a los estudiantes de BVSD, pero un primer paso importante es garantizar que cada estudiante comience el a\u00f1o escolar con los \u00fatiles que necesita para un a\u00f1o acad\u00e9mico s\u00f3lido y exitoso.<\/p>\n\n\n\n<blockquote class=\"wp-block-quote is-layout-flow wp-block-quote-is-layout-flow\">\n<p>89% de padres y tutores esperan que el aumento de los precios afecte sus planes de compras para el regreso a clases.<\/p>\n<cite><a href=\"https:\/\/go.numerator.com\/rs\/567-EJP-123\/images\/2022%20Back-to-School%20Survey%20Report.pdf?mkt_tok=NTY3LUVKUC0xMjMAAAGFctk1cdrxTdia90p3yEjW1gg7B-oyleVauilDucVzUbDV9FGzj4x9PZXEghQ0EeM49pUzG5pr6Q7r3X8IytxEKS1AYGY1eZYyj0PgiUP8GJLd\" target=\"_blank\" rel=\"noreferrer noopener\">Numerador<\/a><\/cite><\/blockquote>\n\n\n\n<p>Especialmente ahora que la inflaci\u00f3n alcanza su nivel m\u00e1s alto en cuatro d\u00e9cadas, los tiempos son dif\u00edciles para las familias y sabemos que muchos tendr\u00e1n dificultades con los gastos de regreso a la escuela para sus hijos este oto\u00f1o. Nuestra comunidad tambi\u00e9n est\u00e1 viendo la dura realidad del Incendio Marshall que afecta a las familias locales que tienen una mayor necesidad de apoyo financiero que durante los a\u00f1os escolares anteriores.<\/p>\n\n\n\n<h2 class=\"wp-block-heading\"><strong>\u00bfPor qu\u00e9 los \u00fatiles escolares son tan importantes?<\/strong><\/h2>\n\n\n\n<p>Adem\u00e1s de las familias afectadas por el incendio, hay m\u00e1s de 8000 estudiantes locales que viven en la pobreza o cerca de ella y que a menudo carecen de \u00fatiles escolares esenciales. Cuando las familias enfrentan decisiones financieras dif\u00edciles o compensaciones, como comprar comestibles o \u00fatiles escolares, esto puede afectar el \u00e9xito de un estudiante en el sal\u00f3n de clases y en la vida. Garantizar que todos los estudiantes tengan acceso a \u00fatiles escolares crea aulas equitativas en todos los niveles de grado.<\/p>\n\n\n\n<p>Para un estudiante necesitado, una mochila llena de \u00fatiles escolares es mucho m\u00e1s que una mochila; es una poderosa caja de herramientas que refuerza la autoestima y da rienda suelta a la confianza.<\/p>\n\n\n\n<h2 class=\"wp-block-heading\"><strong>C\u00f3mo proporcionamos \u00fatiles escolares a los estudiantes necesitados<\/strong><\/h2>\n\n\n\n<p>Nuestra distribuci\u00f3n anual de \u00fatiles escolares, <a href=\"https:\/\/crayonstocalculators.org\/\" target=\"_blank\" rel=\"noreferrer noopener\">L\u00e1pices de colores a las calculadoras<\/a>, proporciona \u00fatiles escolares apropiados para la edad, aud\u00edfonos y una mochila nueva a m\u00e1s de 8,000 estudiantes que enfrentan dificultades financieras en el Distrito Escolar del Valle de Boulder y el Distrito Escolar del Valle de St. Vrain.<\/p>\n\n\n\n<p>En asociaci\u00f3n con St. Vrain Valley Schools Education Foundation, nuestro patrocinador principal <a href=\"https:\/\/www.westerndisposal.com\/\" target=\"_blank\" rel=\"noreferrer noopener\">Servicios de eliminaci\u00f3n occidentales<\/a>y <a href=\"https:\/\/crayonstocalculators.org\/#sponsors\">nuestros otros patrocinadores generosos<\/a>, financiamos este programa $250,000 para garantizar que cada estudiante regrese a la escuela con las herramientas que necesita para tener \u00e9xito.<\/p>\n\n\n\n<h2 class=\"wp-block-heading\"><strong>Nuestro desaf\u00edo para la comunidad.<\/strong><\/h2>\n\n\n\n<p>los <a href=\"https:\/\/secure.qgiv.com\/event\/cratcal\/\" target=\"_blank\" rel=\"noreferrer noopener\">Desaf\u00edo comunitario de crayones a calculadoras<\/a> alienta a las personas y organizaciones a organizar minicampa\u00f1as de recaudaci\u00f3n de fondos para recaudar $25,000 o 10% del costo total del programa.<\/p>\n\n\n\n<p>El desaf\u00edo es una forma divertida de unir organizaciones y redes en apoyo de un objetivo com\u00fan: apoyar a los estudiantes locales y aulas equitativas. El desaf\u00edo tiene una duraci\u00f3n de cuatro semanas y brindamos recursos y consejos para actividades divertidas que fomentan la participaci\u00f3n individual y en equipo.<\/p>","protected":false},"excerpt":{"rendered":"<p>Especialmente ahora que la inflaci\u00f3n alcanza su nivel m\u00e1s alto en cuatro d\u00e9cadas, los tiempos son dif\u00edciles para las familias y sabemos que muchos tendr\u00e1n dificultades con los gastos de regreso a la escuela para sus hijos este oto\u00f1o. <\/p>","protected":false},"author":3,"featured_media":6191,"comment_status":"closed","ping_status":"open","sticky":false,"template":"","format":"standard","meta":{"_acf_changed":false,"_monsterinsights_skip_tracking":false,"_monsterinsights_sitenote_active":false,"_monsterinsights_sitenote_note":"","_monsterinsights_sitenote_category":0,"footnotes":""},"categories":[58,94,74,67],"tags":[],"class_list":["post-6178","post","type-post","status-publish","format-standard","has-post-thumbnail","hentry","category-crayons-to-calculators","category-learning-tools","category-news-page","category-what-we-do"],"acf":[],"yoast_head":"<!-- This site is optimized with the Yoast SEO plugin v27.4 - https:\/\/yoast.com\/product\/yoast-seo-wordpress\/ -->\n<title>We\u2019re Challenging the Community To Raise $25,000 School Supplies<\/title>\n<meta name=\"robots\" content=\"index, follow, max-snippet:-1, max-image-preview:large, max-video-preview:-1\" \/>\n<link rel=\"canonical\" href=\"https:\/\/www.impactoneducation.org\/es\/2022\/07\/07\/were-challenging-the-community-to-raise-25000-for-back-to-school-supplies\/\" \/>\n<meta property=\"og:locale\" content=\"es_MX\" \/>\n<meta property=\"og:type\" content=\"article\" \/>\n<meta property=\"og:title\" content=\"We\u2019re Challenging the Community To Raise $25,000 School Supplies\" \/>\n<meta property=\"og:description\" content=\"Especially right now as inflation hits its highest level in four decades, times are tight for families and we know that many will struggle with back-to-school expenses for their children this fall.\" \/>\n<meta property=\"og:url\" content=\"https:\/\/www.impactoneducation.org\/es\/2022\/07\/07\/were-challenging-the-community-to-raise-25000-for-back-to-school-supplies\/\" \/>\n<meta property=\"og:site_name\" content=\"Impact on Education\" \/>\n<meta property=\"article:publisher\" content=\"https:\/\/www.facebook.com\/ImpactonEducation\" \/>\n<meta property=\"article:published_time\" content=\"2022-07-07T02:03:28+00:00\" \/>\n<meta property=\"article:modified_time\" content=\"2023-09-13T22:16:35+00:00\" \/>\n<meta property=\"og:image\" content=\"https:\/\/www.impactoneducation.org\/wp-content\/uploads\/2022\/07\/BLOG-IMAGE_Couragion.jpg\" \/>\n\t<meta property=\"og:image:width\" content=\"1800\" \/>\n\t<meta property=\"og:image:height\" content=\"900\" \/>\n\t<meta property=\"og:image:type\" content=\"image\/jpeg\" \/>\n<meta name=\"author\" content=\"Catherine Wessling\" \/>\n<meta name=\"twitter:card\" content=\"summary_large_image\" \/>\n<meta name=\"twitter:creator\" content=\"@ImpactOnEd\" \/>\n<meta name=\"twitter:site\" content=\"@ImpactOnEd\" \/>\n<meta name=\"twitter:label1\" content=\"Escrito por\" \/>\n\t<meta name=\"twitter:data1\" content=\"Catherine Wessling\" \/>\n\t<meta name=\"twitter:label2\" content=\"Tiempo de lectura\" \/>\n\t<meta name=\"twitter:data2\" content=\"2 minutos\" \/>\n<script type=\"application\/ld+json\" class=\"yoast-schema-graph\">{\"@context\":\"https:\\\/\\\/schema.org\",\"@graph\":[{\"@type\":\"Article\",\"@id\":\"https:\\\/\\\/www.impactoneducation.org\\\/2022\\\/07\\\/07\\\/were-challenging-the-community-to-raise-25000-for-back-to-school-supplies\\\/#article\",\"isPartOf\":{\"@id\":\"https:\\\/\\\/www.impactoneducation.org\\\/2022\\\/07\\\/07\\\/were-challenging-the-community-to-raise-25000-for-back-to-school-supplies\\\/\"},\"author\":{\"name\":\"Catherine Wessling\",\"@id\":\"https:\\\/\\\/www.impactoneducation.org\\\/#\\\/schema\\\/person\\\/53d6cf23cef01a9acec9e8afc78177b2\"},\"headline\":\"We\u2019re challenging the BVSD community to raise $25,000 for back-to-school supplies\",\"datePublished\":\"2022-07-07T02:03:28+00:00\",\"dateModified\":\"2023-09-13T22:16:35+00:00\",\"mainEntityOfPage\":{\"@id\":\"https:\\\/\\\/www.impactoneducation.org\\\/2022\\\/07\\\/07\\\/were-challenging-the-community-to-raise-25000-for-back-to-school-supplies\\\/\"},\"wordCount\":393,\"publisher\":{\"@id\":\"https:\\\/\\\/www.impactoneducation.org\\\/#organization\"},\"image\":{\"@id\":\"https:\\\/\\\/www.impactoneducation.org\\\/2022\\\/07\\\/07\\\/were-challenging-the-community-to-raise-25000-for-back-to-school-supplies\\\/#primaryimage\"},\"thumbnailUrl\":\"https:\\\/\\\/www.impactoneducation.org\\\/wp-content\\\/uploads\\\/2022\\\/07\\\/BLOG-IMAGE_Couragion.jpg\",\"articleSection\":[\"Crayons to Calculators\",\"Learning Tools\",\"NEWS PAGE\",\"What We Do\"],\"inLanguage\":\"es\"},{\"@type\":\"WebPage\",\"@id\":\"https:\\\/\\\/www.impactoneducation.org\\\/2022\\\/07\\\/07\\\/were-challenging-the-community-to-raise-25000-for-back-to-school-supplies\\\/\",\"url\":\"https:\\\/\\\/www.impactoneducation.org\\\/2022\\\/07\\\/07\\\/were-challenging-the-community-to-raise-25000-for-back-to-school-supplies\\\/\",\"name\":\"We\u2019re Challenging the Community To Raise $25,000 School Supplies\",\"isPartOf\":{\"@id\":\"https:\\\/\\\/www.impactoneducation.org\\\/#website\"},\"primaryImageOfPage\":{\"@id\":\"https:\\\/\\\/www.impactoneducation.org\\\/2022\\\/07\\\/07\\\/were-challenging-the-community-to-raise-25000-for-back-to-school-supplies\\\/#primaryimage\"},\"image\":{\"@id\":\"https:\\\/\\\/www.impactoneducation.org\\\/2022\\\/07\\\/07\\\/were-challenging-the-community-to-raise-25000-for-back-to-school-supplies\\\/#primaryimage\"},\"thumbnailUrl\":\"https:\\\/\\\/www.impactoneducation.org\\\/wp-content\\\/uploads\\\/2022\\\/07\\\/BLOG-IMAGE_Couragion.jpg\",\"datePublished\":\"2022-07-07T02:03:28+00:00\",\"dateModified\":\"2023-09-13T22:16:35+00:00\",\"breadcrumb\":{\"@id\":\"https:\\\/\\\/www.impactoneducation.org\\\/2022\\\/07\\\/07\\\/were-challenging-the-community-to-raise-25000-for-back-to-school-supplies\\\/#breadcrumb\"},\"inLanguage\":\"es\",\"potentialAction\":[{\"@type\":\"ReadAction\",\"target\":[\"https:\\\/\\\/www.impactoneducation.org\\\/2022\\\/07\\\/07\\\/were-challenging-the-community-to-raise-25000-for-back-to-school-supplies\\\/\"]}]},{\"@type\":\"ImageObject\",\"inLanguage\":\"es\",\"@id\":\"https:\\\/\\\/www.impactoneducation.org\\\/2022\\\/07\\\/07\\\/were-challenging-the-community-to-raise-25000-for-back-to-school-supplies\\\/#primaryimage\",\"url\":\"https:\\\/\\\/www.impactoneducation.org\\\/wp-content\\\/uploads\\\/2022\\\/07\\\/BLOG-IMAGE_Couragion.jpg\",\"contentUrl\":\"https:\\\/\\\/www.impactoneducation.org\\\/wp-content\\\/uploads\\\/2022\\\/07\\\/BLOG-IMAGE_Couragion.jpg\",\"width\":1800,\"height\":900},{\"@type\":\"BreadcrumbList\",\"@id\":\"https:\\\/\\\/www.impactoneducation.org\\\/2022\\\/07\\\/07\\\/were-challenging-the-community-to-raise-25000-for-back-to-school-supplies\\\/#breadcrumb\",\"itemListElement\":[{\"@type\":\"ListItem\",\"position\":1,\"name\":\"Home\",\"item\":\"https:\\\/\\\/www.impactoneducation.org\\\/\"},{\"@type\":\"ListItem\",\"position\":2,\"name\":\"We\u2019re challenging the BVSD community to raise $25,000 for back-to-school supplies\"}]},{\"@type\":\"WebSite\",\"@id\":\"https:\\\/\\\/www.impactoneducation.org\\\/#website\",\"url\":\"https:\\\/\\\/www.impactoneducation.org\\\/\",\"name\":\"Impact on Education\",\"description\":\"Foundation for Boulder Valley Schools\",\"publisher\":{\"@id\":\"https:\\\/\\\/www.impactoneducation.org\\\/#organization\"},\"potentialAction\":[{\"@type\":\"SearchAction\",\"target\":{\"@type\":\"EntryPoint\",\"urlTemplate\":\"https:\\\/\\\/www.impactoneducation.org\\\/?s={search_term_string}\"},\"query-input\":{\"@type\":\"PropertyValueSpecification\",\"valueRequired\":true,\"valueName\":\"search_term_string\"}}],\"inLanguage\":\"es\"},{\"@type\":\"Organization\",\"@id\":\"https:\\\/\\\/www.impactoneducation.org\\\/#organization\",\"name\":\"Impact on Education\",\"url\":\"https:\\\/\\\/www.impactoneducation.org\\\/\",\"logo\":{\"@type\":\"ImageObject\",\"inLanguage\":\"es\",\"@id\":\"https:\\\/\\\/www.impactoneducation.org\\\/#\\\/schema\\\/logo\\\/image\\\/\",\"url\":\"https:\\\/\\\/www.impactoneducation.org\\\/wp-content\\\/uploads\\\/2020\\\/09\\\/Impact-logo-poly.png\",\"contentUrl\":\"https:\\\/\\\/www.impactoneducation.org\\\/wp-content\\\/uploads\\\/2020\\\/09\\\/Impact-logo-poly.png\",\"width\":3455,\"height\":890,\"caption\":\"Impact on Education\"},\"image\":{\"@id\":\"https:\\\/\\\/www.impactoneducation.org\\\/#\\\/schema\\\/logo\\\/image\\\/\"},\"sameAs\":[\"https:\\\/\\\/www.facebook.com\\\/ImpactonEducation\",\"https:\\\/\\\/x.com\\\/ImpactOnEd\",\"https:\\\/\\\/www.instagram.com\\\/impactoneducation\\\/\",\"https:\\\/\\\/www.youtube.com\\\/channel\\\/UCtCaQkVhXiowqiNrIXQ1Lkw\"]},{\"@type\":\"Person\",\"@id\":\"https:\\\/\\\/www.impactoneducation.org\\\/#\\\/schema\\\/person\\\/53d6cf23cef01a9acec9e8afc78177b2\",\"name\":\"Catherine Wessling\",\"image\":{\"@type\":\"ImageObject\",\"inLanguage\":\"es\",\"@id\":\"https:\\\/\\\/secure.gravatar.com\\\/avatar\\\/4a2b01991d3545378a3a7363d434e2407cbea881d07be7459f1b25271e64fa85?s=96&d=mm&r=g\",\"url\":\"https:\\\/\\\/secure.gravatar.com\\\/avatar\\\/4a2b01991d3545378a3a7363d434e2407cbea881d07be7459f1b25271e64fa85?s=96&d=mm&r=g\",\"contentUrl\":\"https:\\\/\\\/secure.gravatar.com\\\/avatar\\\/4a2b01991d3545378a3a7363d434e2407cbea881d07be7459f1b25271e64fa85?s=96&d=mm&r=g\",\"caption\":\"Catherine Wessling\"},\"url\":\"https:\\\/\\\/www.impactoneducation.org\\\/es\\\/author\\\/admin\\\/\"}]}<\/script>\n<!-- \/ Yoast SEO plugin. -->","yoast_head_json":{"title":"We\u2019re Challenging the Community To Raise $25,000 School Supplies","robots":{"index":"index","follow":"follow","max-snippet":"max-snippet:-1","max-image-preview":"max-image-preview:large","max-video-preview":"max-video-preview:-1"},"canonical":"https:\/\/www.impactoneducation.org\/es\/2022\/07\/07\/were-challenging-the-community-to-raise-25000-for-back-to-school-supplies\/","og_locale":"es_MX","og_type":"article","og_title":"We\u2019re Challenging the Community To Raise $25,000 School Supplies","og_description":"Especially right now as inflation hits its highest level in four decades, times are tight for families and we know that many will struggle with back-to-school expenses for their children this fall.","og_url":"https:\/\/www.impactoneducation.org\/es\/2022\/07\/07\/were-challenging-the-community-to-raise-25000-for-back-to-school-supplies\/","og_site_name":"Impact on Education","article_publisher":"https:\/\/www.facebook.com\/ImpactonEducation","article_published_time":"2022-07-07T02:03:28+00:00","article_modified_time":"2023-09-13T22:16:35+00:00","og_image":[{"width":1800,"height":900,"url":"https:\/\/www.impactoneducation.org\/wp-content\/uploads\/2022\/07\/BLOG-IMAGE_Couragion.jpg","type":"image\/jpeg"}],"author":"Catherine Wessling","twitter_card":"summary_large_image","twitter_creator":"@ImpactOnEd","twitter_site":"@ImpactOnEd","twitter_misc":{"Escrito por":"Catherine Wessling","Tiempo de lectura":"2 minutos"},"schema":{"@context":"https:\/\/schema.org","@graph":[{"@type":"Article","@id":"https:\/\/www.impactoneducation.org\/2022\/07\/07\/were-challenging-the-community-to-raise-25000-for-back-to-school-supplies\/#article","isPartOf":{"@id":"https:\/\/www.impactoneducation.org\/2022\/07\/07\/were-challenging-the-community-to-raise-25000-for-back-to-school-supplies\/"},"author":{"name":"Catherine Wessling","@id":"https:\/\/www.impactoneducation.org\/#\/schema\/person\/53d6cf23cef01a9acec9e8afc78177b2"},"headline":"We\u2019re challenging the BVSD community to raise $25,000 for back-to-school supplies","datePublished":"2022-07-07T02:03:28+00:00","dateModified":"2023-09-13T22:16:35+00:00","mainEntityOfPage":{"@id":"https:\/\/www.impactoneducation.org\/2022\/07\/07\/were-challenging-the-community-to-raise-25000-for-back-to-school-supplies\/"},"wordCount":393,"publisher":{"@id":"https:\/\/www.impactoneducation.org\/#organization"},"image":{"@id":"https:\/\/www.impactoneducation.org\/2022\/07\/07\/were-challenging-the-community-to-raise-25000-for-back-to-school-supplies\/#primaryimage"},"thumbnailUrl":"https:\/\/www.impactoneducation.org\/wp-content\/uploads\/2022\/07\/BLOG-IMAGE_Couragion.jpg","articleSection":["Crayons to Calculators","Learning Tools","NEWS PAGE","What We Do"],"inLanguage":"es"},{"@type":"WebPage","@id":"https:\/\/www.impactoneducation.org\/2022\/07\/07\/were-challenging-the-community-to-raise-25000-for-back-to-school-supplies\/","url":"https:\/\/www.impactoneducation.org\/2022\/07\/07\/were-challenging-the-community-to-raise-25000-for-back-to-school-supplies\/","name":"We\u2019re Challenging the Community To Raise $25,000 School Supplies","isPartOf":{"@id":"https:\/\/www.impactoneducation.org\/#website"},"primaryImageOfPage":{"@id":"https:\/\/www.impactoneducation.org\/2022\/07\/07\/were-challenging-the-community-to-raise-25000-for-back-to-school-supplies\/#primaryimage"},"image":{"@id":"https:\/\/www.impactoneducation.org\/2022\/07\/07\/were-challenging-the-community-to-raise-25000-for-back-to-school-supplies\/#primaryimage"},"thumbnailUrl":"https:\/\/www.impactoneducation.org\/wp-content\/uploads\/2022\/07\/BLOG-IMAGE_Couragion.jpg","datePublished":"2022-07-07T02:03:28+00:00","dateModified":"2023-09-13T22:16:35+00:00","breadcrumb":{"@id":"https:\/\/www.impactoneducation.org\/2022\/07\/07\/were-challenging-the-community-to-raise-25000-for-back-to-school-supplies\/#breadcrumb"},"inLanguage":"es","potentialAction":[{"@type":"ReadAction","target":["https:\/\/www.impactoneducation.org\/2022\/07\/07\/were-challenging-the-community-to-raise-25000-for-back-to-school-supplies\/"]}]},{"@type":"ImageObject","inLanguage":"es","@id":"https:\/\/www.impactoneducation.org\/2022\/07\/07\/were-challenging-the-community-to-raise-25000-for-back-to-school-supplies\/#primaryimage","url":"https:\/\/www.impactoneducation.org\/wp-content\/uploads\/2022\/07\/BLOG-IMAGE_Couragion.jpg","contentUrl":"https:\/\/www.impactoneducation.org\/wp-content\/uploads\/2022\/07\/BLOG-IMAGE_Couragion.jpg","width":1800,"height":900},{"@type":"BreadcrumbList","@id":"https:\/\/www.impactoneducation.org\/2022\/07\/07\/were-challenging-the-community-to-raise-25000-for-back-to-school-supplies\/#breadcrumb","itemListElement":[{"@type":"ListItem","position":1,"name":"Home","item":"https:\/\/www.impactoneducation.org\/"},{"@type":"ListItem","position":2,"name":"We\u2019re challenging the BVSD community to raise $25,000 for back-to-school supplies"}]},{"@type":"WebSite","@id":"https:\/\/www.impactoneducation.org\/#website","url":"https:\/\/www.impactoneducation.org\/","name":"Impacto en la educaci\u00f3n","description":"Fundaci\u00f3n para las Escuelas del Valle de Boulder","publisher":{"@id":"https:\/\/www.impactoneducation.org\/#organization"},"potentialAction":[{"@type":"SearchAction","target":{"@type":"EntryPoint","urlTemplate":"https:\/\/www.impactoneducation.org\/?s={search_term_string}"},"query-input":{"@type":"PropertyValueSpecification","valueRequired":true,"valueName":"search_term_string"}}],"inLanguage":"es"},{"@type":"Organization","@id":"https:\/\/www.impactoneducation.org\/#organization","name":"Impacto en la educaci\u00f3n","url":"https:\/\/www.impactoneducation.org\/","logo":{"@type":"ImageObject","inLanguage":"es","@id":"https:\/\/www.impactoneducation.org\/#\/schema\/logo\/image\/","url":"https:\/\/www.impactoneducation.org\/wp-content\/uploads\/2020\/09\/Impact-logo-poly.png","contentUrl":"https:\/\/www.impactoneducation.org\/wp-content\/uploads\/2020\/09\/Impact-logo-poly.png","width":3455,"height":890,"caption":"Impact on Education"},"image":{"@id":"https:\/\/www.impactoneducation.org\/#\/schema\/logo\/image\/"},"sameAs":["https:\/\/www.facebook.com\/ImpactonEducation","https:\/\/x.com\/ImpactOnEd","https:\/\/www.instagram.com\/impactoneducation\/","https:\/\/www.youtube.com\/channel\/UCtCaQkVhXiowqiNrIXQ1Lkw"]},{"@type":"Person","@id":"https:\/\/www.impactoneducation.org\/#\/schema\/person\/53d6cf23cef01a9acec9e8afc78177b2","name":"Catherine Wessling","image":{"@type":"ImageObject","inLanguage":"es","@id":"https:\/\/secure.gravatar.com\/avatar\/4a2b01991d3545378a3a7363d434e2407cbea881d07be7459f1b25271e64fa85?s=96&d=mm&r=g","url":"https:\/\/secure.gravatar.com\/avatar\/4a2b01991d3545378a3a7363d434e2407cbea881d07be7459f1b25271e64fa85?s=96&d=mm&r=g","contentUrl":"https:\/\/secure.gravatar.com\/avatar\/4a2b01991d3545378a3a7363d434e2407cbea881d07be7459f1b25271e64fa85?s=96&d=mm&r=g","caption":"Catherine Wessling"},"url":"https:\/\/www.impactoneducation.org\/es\/author\/admin\/"}]}},"_links":{"self":[{"href":"https:\/\/www.impactoneducation.org\/es\/wp-json\/wp\/v2\/posts\/6178","targetHints":{"allow":["GET"]}}],"collection":[{"href":"https:\/\/www.impactoneducation.org\/es\/wp-json\/wp\/v2\/posts"}],"about":[{"href":"https:\/\/www.impactoneducation.org\/es\/wp-json\/wp\/v2\/types\/post"}],"author":[{"embeddable":true,"href":"https:\/\/www.impactoneducation.org\/es\/wp-json\/wp\/v2\/users\/3"}],"replies":[{"embeddable":true,"href":"https:\/\/www.impactoneducation.org\/es\/wp-json\/wp\/v2\/comments?post=6178"}],"version-history":[{"count":7,"href":"https:\/\/www.impactoneducation.org\/es\/wp-json\/wp\/v2\/posts\/6178\/revisions"}],"predecessor-version":[{"id":9592,"href":"https:\/\/www.impactoneducation.org\/es\/wp-json\/wp\/v2\/posts\/6178\/revisions\/9592"}],"wp:featuredmedia":[{"embeddable":true,"href":"https:\/\/www.impactoneducation.org\/es\/wp-json\/wp\/v2\/media\/6191"}],"wp:attachment":[{"href":"https:\/\/www.impactoneducation.org\/es\/wp-json\/wp\/v2\/media?parent=6178"}],"wp:term":[{"taxonomy":"category","embeddable":true,"href":"https:\/\/www.impactoneducation.org\/es\/wp-json\/wp\/v2\/categories?post=6178"},{"taxonomy":"post_tag","embeddable":true,"href":"https:\/\/www.impactoneducation.org\/es\/wp-json\/wp\/v2\/tags?post=6178"}],"curies":[{"name":"gracias","href":"https:\/\/api.w.org\/{rel}","templated":true}]}}