{"id":6881,"date":"2022-09-08T16:57:07","date_gmt":"2022-09-08T16:57:07","guid":{"rendered":"https:\/\/www.impactoneducation.org\/?p=6881"},"modified":"2023-09-13T21:41:32","modified_gmt":"2023-09-13T21:41:32","slug":"impact-on-education-welcomes-four-new-board-members","status":"publish","type":"post","link":"https:\/\/www.impactoneducation.org\/es\/2022\/09\/08\/impact-on-education-welcomes-four-new-board-members\/","title":{"rendered":"Impact on Education da la bienvenida a cuatro nuevos miembros de la junta"},"content":{"rendered":"<h1 class=\"wp-block-heading\">Impact on Education da la bienvenida a cuatro nuevos miembros de la junta<\/h1>\n\n\n\n<p>Nuestra <a href=\"https:\/\/www.impactoneducation.org\/es\/who-we-are\/people\/\" target=\"_blank\" rel=\"noreferrer noopener\">Junta Directiva<\/a> juega un papel importante en nuestro trabajo para empoderar a los estudiantes, involucrar a la comunidad y ayudar a que el Distrito Escolar del Valle de Boulder evolucione. Nuestro comit\u00e9 de nominaciones lider\u00f3 un esfuerzo para identificar las \u00e1reas en las que la Junta necesitaba crecer, y para apoyar este trabajo y promover nuestra misi\u00f3n, incorporaremos a cuatro nuevos miembros de la comunidad a nuestra Junta este mes.<\/p>\n\n\n\n<p>Estamos muy emocionados de dar la bienvenida a las siguientes personas, cada una de las cuales aportar\u00e1 talentos y perspectivas \u00fanicos a nuestro trabajo. Tambi\u00e9n nos gustar\u00eda compartir un sincero agradecimiento a Samara Williams, directora de la Escuela Primaria Emerald, cuyo mandato acaba de terminar despu\u00e9s de servir en nuestra Junta desde 2016.<\/p>\n\n\n\n<h2 class=\"wp-block-heading\"><strong>jennifer esterlina<\/strong><strong>&nbsp;<\/strong><\/h2>\n\n\n\n<h3 class=\"wp-block-heading\"><strong>Director General, Socio de Sterling-Rice Group (SRG)<\/strong><\/h3>\n\n\n\n<div class=\"wp-block-columns is-layout-flex wp-container-core-columns-is-layout-9d6595d7 wp-block-columns-is-layout-flex\">\n<div class=\"wp-block-column is-layout-flow wp-block-column-is-layout-flow\" style=\"flex-basis:50%\">\n<p>Jen tiene m\u00e1s de 20 a\u00f1os de experiencia brindando liderazgo estrat\u00e9gico, creando equipos de colaboraci\u00f3n s\u00f3lidos y brindando resultados espec\u00edficos. Se enfoca en asociarse con clientes para construir marcas s\u00f3lidas y emocionalmente relevantes al comprender a la audiencia objetivo y mantener al consumidor en el centro de todas las iniciativas. Jen es madre de dos estudiantes de BVSD que ha dirigido <a href=\"http:\/\/www.srg.com\" target=\"_blank\" rel=\"noreferrer noopener\">SRG<\/a>Los programas de extensi\u00f3n de Trabajan directamente con organizaciones sin fines de lucro. SRG es una organizaci\u00f3n liderada y de propiedad mayoritaria de mujeres que brinda experiencia en marca y marketing a una variedad de marcas importantes de estilo de vida y alimentos en todo el pa\u00eds.&nbsp;<\/p>\n<\/div>\n\n\n\n<div class=\"wp-block-column is-layout-flow wp-block-column-is-layout-flow\" style=\"flex-basis:50%\"><div class=\"wp-block-image\">\n<figure class=\"aligncenter size-medium\"><a href=\"https:\/\/www.impactoneducation.org\/es\/who-we-are\/people\/\" target=\"_blank\" rel=\"noopener\"><img loading=\"lazy\" decoding=\"async\" width=\"300\" height=\"300\" src=\"https:\/\/www.impactoneducation.org\/wp-content\/uploads\/2022\/09\/Board-Photos_Website-300x300.jpg\" alt=\"\" class=\"wp-image-6882\" srcset=\"https:\/\/www.impactoneducation.org\/wp-content\/uploads\/2022\/09\/Board-Photos_Website-300x300.jpg 300w, https:\/\/www.impactoneducation.org\/wp-content\/uploads\/2022\/09\/Board-Photos_Website-1024x1024.jpg 1024w, https:\/\/www.impactoneducation.org\/wp-content\/uploads\/2022\/09\/Board-Photos_Website-150x150.jpg 150w, https:\/\/www.impactoneducation.org\/wp-content\/uploads\/2022\/09\/Board-Photos_Website-768x768.jpg 768w, https:\/\/www.impactoneducation.org\/wp-content\/uploads\/2022\/09\/Board-Photos_Website-12x12.jpg 12w, https:\/\/www.impactoneducation.org\/wp-content\/uploads\/2022\/09\/Board-Photos_Website.jpg 1080w\" sizes=\"auto, (max-width: 300px) 100vw, 300px\" \/><\/a><\/figure>\n<\/div><\/div>\n<\/div>\n\n\n\n<h2 class=\"wp-block-heading\"><strong>Jann Oldham<\/strong><\/h2>\n\n\n\n<h3 class=\"wp-block-heading\"><strong>Semi-Retirado, Consultor en Community by Design&nbsp;<\/strong><\/h3>\n\n\n\n<div class=\"wp-block-columns is-layout-flex wp-container-core-columns-is-layout-9d6595d7 wp-block-columns-is-layout-flex\">\n<div class=\"wp-block-column is-layout-flow wp-block-column-is-layout-flow\" style=\"flex-basis:50%\">\n<p>Jann pas\u00f3 la mayor parte de su carrera trabajando en viviendas asequibles, desarrollo comunitario y planificaci\u00f3n estrat\u00e9gica, incluidos m\u00e1s de 15 a\u00f1os como Gerente de Desarrollo Comunitario de Vivienda de la Ciudad de Boulder. Jann se desempe\u00f1\u00f3 en varias juntas en toda el \u00e1rea metropolitana de Denver, incluida la Fuerza de Tareas para Personas sin Hogar de Denver, el Fondo de Pr\u00e9stamos Comunitarios de Mile High, el Comit\u00e9 Asesor de Cr\u00e9ditos Fiscales para Nuevos Mercados de la Autoridad de Finanzas y Vivienda de Colorado, la Junta de Vivienda del Estado de Colorado, la Junta del Programa de Acci\u00f3n Comunitaria del Condado de Boulder , Community Foundation of Boulder County Board of Trustees y Emergency Family Assistance Association. Jann tiene dos hijos que se graduaron de BVSD y espera trabajar en temas relacionados con la equidad educativa.<\/p>\n<\/div>\n\n\n\n<div class=\"wp-block-column is-layout-flow wp-block-column-is-layout-flow\" style=\"flex-basis:50%\"><div class=\"wp-block-image\">\n<figure class=\"aligncenter size-medium\"><a href=\"https:\/\/www.impactoneducation.org\/es\/who-we-are\/people\/\" target=\"_blank\" rel=\"noopener\"><img loading=\"lazy\" decoding=\"async\" width=\"300\" height=\"300\" src=\"https:\/\/www.impactoneducation.org\/wp-content\/uploads\/2022\/09\/Board-Photos_Website-2-300x300.jpg\" alt=\"\" class=\"wp-image-6890\" srcset=\"https:\/\/www.impactoneducation.org\/wp-content\/uploads\/2022\/09\/Board-Photos_Website-2-300x300.jpg 300w, https:\/\/www.impactoneducation.org\/wp-content\/uploads\/2022\/09\/Board-Photos_Website-2-1024x1024.jpg 1024w, https:\/\/www.impactoneducation.org\/wp-content\/uploads\/2022\/09\/Board-Photos_Website-2-150x150.jpg 150w, https:\/\/www.impactoneducation.org\/wp-content\/uploads\/2022\/09\/Board-Photos_Website-2-768x768.jpg 768w, https:\/\/www.impactoneducation.org\/wp-content\/uploads\/2022\/09\/Board-Photos_Website-2-12x12.jpg 12w, https:\/\/www.impactoneducation.org\/wp-content\/uploads\/2022\/09\/Board-Photos_Website-2.jpg 1080w\" sizes=\"auto, (max-width: 300px) 100vw, 300px\" \/><\/a><\/figure>\n<\/div><\/div>\n<\/div>\n\n\n\n<h2 class=\"wp-block-heading\"><strong>Cathleen Kendall<\/strong><\/h2>\n\n\n\n<h3 class=\"wp-block-heading\"><strong>abogado y voluntario<\/strong><\/h3>\n\n\n\n<div class=\"wp-block-columns is-layout-flex wp-container-core-columns-is-layout-9d6595d7 wp-block-columns-is-layout-flex\">\n<div class=\"wp-block-column is-layout-flow wp-block-column-is-layout-flow\" style=\"flex-basis:50%\">\n<p>Cathleen es abogada de formaci\u00f3n y aprendiz de por vida. Ella acaba de terminar la escuela de posgrado en mayo y recibi\u00f3 certificados en Seguridad Nacional y Liderazgo en Manejo de Emergencias e Inteligencia de Seguridad Nacional. Cathleen es alumna de BVSD y madre de dos estudiantes recientes de BVSD (clase de 2020 y clase de 2022). Cathleen trabaj\u00f3 como tutora ad litem en el condado de Adams representando a ni\u00f1os maltratados y abandonados y trabaj\u00f3 para el estado de Colorado ayudando a crear un nuevo modelo para la representaci\u00f3n de ni\u00f1os en casos de dependencia y abandono. Antes de eso, represent\u00f3 a entidades en formaciones de fondos de riesgo y realiz\u00f3 otros trabajos como abogada corporativa. Tambi\u00e9n estuvo en varias juntas, la m\u00e1s reciente en la Junta de la Organizaci\u00f3n del Coro de Fairview durante 5 a\u00f1os y como presidenta durante 2, y como voluntaria en organizaciones que incluyen Impact on Education.&nbsp;<\/p>\n<\/div>\n\n\n\n<div class=\"wp-block-column is-layout-flow wp-block-column-is-layout-flow\" style=\"flex-basis:50%\"><div class=\"wp-block-image\">\n<figure class=\"aligncenter size-medium\"><a href=\"https:\/\/www.impactoneducation.org\/es\/who-we-are\/people\/\" target=\"_blank\" rel=\"noopener\"><img loading=\"lazy\" decoding=\"async\" width=\"300\" height=\"300\" src=\"https:\/\/www.impactoneducation.org\/wp-content\/uploads\/2022\/09\/Board-Photos_Website-300x300.png\" alt=\"\" class=\"wp-image-6885\" srcset=\"https:\/\/www.impactoneducation.org\/wp-content\/uploads\/2022\/09\/Board-Photos_Website-300x300.png 300w, https:\/\/www.impactoneducation.org\/wp-content\/uploads\/2022\/09\/Board-Photos_Website-1024x1024.png 1024w, https:\/\/www.impactoneducation.org\/wp-content\/uploads\/2022\/09\/Board-Photos_Website-150x150.png 150w, https:\/\/www.impactoneducation.org\/wp-content\/uploads\/2022\/09\/Board-Photos_Website-768x768.png 768w, https:\/\/www.impactoneducation.org\/wp-content\/uploads\/2022\/09\/Board-Photos_Website-12x12.png 12w, https:\/\/www.impactoneducation.org\/wp-content\/uploads\/2022\/09\/Board-Photos_Website.png 1080w\" sizes=\"auto, (max-width: 300px) 100vw, 300px\" \/><\/a><\/figure>\n<\/div><\/div>\n<\/div>\n\n\n\n<h2 class=\"wp-block-heading\"><strong>Tanya Santee<\/strong><\/h2>\n\n\n\n<h3 class=\"wp-block-heading\"><strong>Directora, Primaria Birch<\/strong> (Broomfield)<\/h3>\n\n\n\n<div style=\"height:20px\" aria-hidden=\"true\" class=\"wp-block-spacer\"><\/div>\n\n\n\n<div class=\"wp-block-columns is-layout-flex wp-container-core-columns-is-layout-9d6595d7 wp-block-columns-is-layout-flex\">\n<div class=\"wp-block-column is-layout-flow wp-block-column-is-layout-flow\" style=\"flex-basis:50%\">\n<p>Tanya Santee ha trabajado en educaci\u00f3n p\u00fablica en los condados de Douglas y Boulder. Ha sido maestra de ciencias, decana de estudiantes, subdirectora y directora en 20 a\u00f1os como educadora profesional. Ella vive en Louisville y tiene dos hijos que asisten a BVSD adem\u00e1s de dirigir la Escuela Primaria Birch, una escuela primaria de Broomfield con grandes disparidades, por lo que aporta una gran perspectiva sobre las necesidades de los estudiantes y educadores en nuestro Distrito.&nbsp;<\/p>\n<\/div>\n\n\n\n<div class=\"wp-block-column is-layout-flow wp-block-column-is-layout-flow\" style=\"flex-basis:50%\"><div class=\"wp-block-image\">\n<figure class=\"aligncenter size-medium\"><a href=\"https:\/\/www.impactoneducation.org\/es\/who-we-are\/people\/\" target=\"_blank\" rel=\"noopener\"><img loading=\"lazy\" decoding=\"async\" width=\"300\" height=\"300\" src=\"https:\/\/www.impactoneducation.org\/wp-content\/uploads\/2022\/09\/Board-Photos_Website-1-300x300.jpg\" alt=\"\" class=\"wp-image-6886\" srcset=\"https:\/\/www.impactoneducation.org\/wp-content\/uploads\/2022\/09\/Board-Photos_Website-1-300x300.jpg 300w, https:\/\/www.impactoneducation.org\/wp-content\/uploads\/2022\/09\/Board-Photos_Website-1-1024x1024.jpg 1024w, https:\/\/www.impactoneducation.org\/wp-content\/uploads\/2022\/09\/Board-Photos_Website-1-150x150.jpg 150w, https:\/\/www.impactoneducation.org\/wp-content\/uploads\/2022\/09\/Board-Photos_Website-1-768x768.jpg 768w, https:\/\/www.impactoneducation.org\/wp-content\/uploads\/2022\/09\/Board-Photos_Website-1-12x12.jpg 12w, https:\/\/www.impactoneducation.org\/wp-content\/uploads\/2022\/09\/Board-Photos_Website-1.jpg 1080w\" sizes=\"auto, (max-width: 300px) 100vw, 300px\" \/><\/a><\/figure>\n<\/div><\/div>\n<\/div>\n\n\n\n<div style=\"height:30px\" aria-hidden=\"true\" class=\"wp-block-spacer\"><\/div>\n\n\n\n<h2 class=\"wp-block-heading has-text-align-center has-blue-green-color has-light-green-background-color has-text-color has-background\"><strong>ANTES DE QUE TE VAYAS \u2026<\/strong><\/h2>\n\n\n\n<p>Impact on Education es una organizaci\u00f3n sin fines de lucro y dependemos de nuestra comunidad para ayudarnos a poner nuestra misi\u00f3n en acci\u00f3n. <strong>Necesitamos tu ayuda<\/strong> para brindar oportunidades y recursos a 30,000 estudiantes y 4,000 educadores del Distrito Escolar del Valle de Boulder.<\/p>\n\n\n\n<div class=\"wp-block-buttons is-content-justification-center is-layout-flex wp-container-core-buttons-is-layout-16018d1d wp-block-buttons-is-layout-flex\">\n<div class=\"wp-block-button\"><a class=\"wp-block-button__link has-blue-green-background-color has-background wp-element-button\" href=\"https:\/\/www.impactoneducation.org\/es\/donate\/\" target=\"_blank\" rel=\"noreferrer noopener\">DAR HOY<\/a><\/div>\n<\/div>","protected":false},"excerpt":{"rendered":"<p>Nuestra Junta Directiva juega un papel importante en nuestro trabajo para empoderar a los estudiantes, involucrar a la comunidad y ayudar a que el Distrito Escolar del Valle de Boulder evolucione. Nuestro comit\u00e9 de nominaciones lider\u00f3 un esfuerzo para identificar las \u00e1reas en las que la Junta necesitaba evolucionar, y para apoyar este trabajo y avanzar en nuestra misi\u00f3n, estamos incorporando a cuatro nuevos miembros de la comunidad a nuestra Junta este mes.<\/p>","protected":false},"author":3,"featured_media":6889,"comment_status":"closed","ping_status":"open","sticky":false,"template":"","format":"standard","meta":{"_acf_changed":false,"_monsterinsights_skip_tracking":false,"_monsterinsights_sitenote_active":false,"_monsterinsights_sitenote_note":"","_monsterinsights_sitenote_category":0,"footnotes":""},"categories":[74,51],"tags":[],"class_list":["post-6881","post","type-post","status-publish","format-standard","has-post-thumbnail","hentry","category-news-page","category-our-team"],"acf":[],"yoast_head":"<!-- This site is optimized with the Yoast SEO plugin v27.4 - https:\/\/yoast.com\/product\/yoast-seo-wordpress\/ -->\n<title>Impact on Education welcomes four new board members<\/title>\n<meta name=\"description\" content=\"Our Board of Directors plays an important role in our work to empower students, engage the community and help the Boulder Valley School District evolve.\" \/>\n<meta name=\"robots\" content=\"index, follow, max-snippet:-1, max-image-preview:large, max-video-preview:-1\" \/>\n<link rel=\"canonical\" href=\"https:\/\/www.impactoneducation.org\/es\/2022\/09\/08\/impact-on-education-welcomes-four-new-board-members\/\" \/>\n<meta property=\"og:locale\" content=\"es_MX\" \/>\n<meta property=\"og:type\" content=\"article\" \/>\n<meta property=\"og:title\" content=\"Impact on Education welcomes four new board members\" \/>\n<meta property=\"og:description\" content=\"Our Board of Directors plays an important role in our work to empower students, engage the community and help the Boulder Valley School District evolve.\" \/>\n<meta property=\"og:url\" content=\"https:\/\/www.impactoneducation.org\/es\/2022\/09\/08\/impact-on-education-welcomes-four-new-board-members\/\" \/>\n<meta property=\"og:site_name\" content=\"Impact on Education\" \/>\n<meta property=\"article:publisher\" content=\"https:\/\/www.facebook.com\/ImpactonEducation\" \/>\n<meta property=\"article:published_time\" content=\"2022-09-08T16:57:07+00:00\" \/>\n<meta property=\"article:modified_time\" content=\"2023-09-13T21:41:32+00:00\" \/>\n<meta property=\"og:image\" content=\"https:\/\/www.impactoneducation.org\/wp-content\/uploads\/2022\/09\/BLOG-IMAGES-2.jpg\" \/>\n\t<meta property=\"og:image:width\" content=\"1800\" \/>\n\t<meta property=\"og:image:height\" content=\"900\" \/>\n\t<meta property=\"og:image:type\" content=\"image\/jpeg\" \/>\n<meta name=\"author\" content=\"Catherine Wessling\" \/>\n<meta name=\"twitter:card\" content=\"summary_large_image\" \/>\n<meta name=\"twitter:creator\" content=\"@ImpactOnEd\" \/>\n<meta name=\"twitter:site\" content=\"@ImpactOnEd\" \/>\n<meta name=\"twitter:label1\" content=\"Escrito por\" \/>\n\t<meta name=\"twitter:data1\" content=\"Catherine Wessling\" \/>\n\t<meta name=\"twitter:label2\" content=\"Tiempo de lectura\" \/>\n\t<meta name=\"twitter:data2\" content=\"4 minutos\" \/>\n<script type=\"application\/ld+json\" class=\"yoast-schema-graph\">{\"@context\":\"https:\\\/\\\/schema.org\",\"@graph\":[{\"@type\":\"Article\",\"@id\":\"https:\\\/\\\/www.impactoneducation.org\\\/2022\\\/09\\\/08\\\/impact-on-education-welcomes-four-new-board-members\\\/#article\",\"isPartOf\":{\"@id\":\"https:\\\/\\\/www.impactoneducation.org\\\/2022\\\/09\\\/08\\\/impact-on-education-welcomes-four-new-board-members\\\/\"},\"author\":{\"name\":\"Catherine Wessling\",\"@id\":\"https:\\\/\\\/www.impactoneducation.org\\\/#\\\/schema\\\/person\\\/53d6cf23cef01a9acec9e8afc78177b2\"},\"headline\":\"Impact on Education welcomes four new board members\",\"datePublished\":\"2022-09-08T16:57:07+00:00\",\"dateModified\":\"2023-09-13T21:41:32+00:00\",\"mainEntityOfPage\":{\"@id\":\"https:\\\/\\\/www.impactoneducation.org\\\/2022\\\/09\\\/08\\\/impact-on-education-welcomes-four-new-board-members\\\/\"},\"wordCount\":604,\"publisher\":{\"@id\":\"https:\\\/\\\/www.impactoneducation.org\\\/#organization\"},\"image\":{\"@id\":\"https:\\\/\\\/www.impactoneducation.org\\\/2022\\\/09\\\/08\\\/impact-on-education-welcomes-four-new-board-members\\\/#primaryimage\"},\"thumbnailUrl\":\"https:\\\/\\\/www.impactoneducation.org\\\/wp-content\\\/uploads\\\/2022\\\/09\\\/BLOG-IMAGES-2.jpg\",\"articleSection\":[\"NEWS PAGE\",\"Our Team\"],\"inLanguage\":\"es\"},{\"@type\":\"WebPage\",\"@id\":\"https:\\\/\\\/www.impactoneducation.org\\\/2022\\\/09\\\/08\\\/impact-on-education-welcomes-four-new-board-members\\\/\",\"url\":\"https:\\\/\\\/www.impactoneducation.org\\\/2022\\\/09\\\/08\\\/impact-on-education-welcomes-four-new-board-members\\\/\",\"name\":\"Impact on Education welcomes four new board members\",\"isPartOf\":{\"@id\":\"https:\\\/\\\/www.impactoneducation.org\\\/#website\"},\"primaryImageOfPage\":{\"@id\":\"https:\\\/\\\/www.impactoneducation.org\\\/2022\\\/09\\\/08\\\/impact-on-education-welcomes-four-new-board-members\\\/#primaryimage\"},\"image\":{\"@id\":\"https:\\\/\\\/www.impactoneducation.org\\\/2022\\\/09\\\/08\\\/impact-on-education-welcomes-four-new-board-members\\\/#primaryimage\"},\"thumbnailUrl\":\"https:\\\/\\\/www.impactoneducation.org\\\/wp-content\\\/uploads\\\/2022\\\/09\\\/BLOG-IMAGES-2.jpg\",\"datePublished\":\"2022-09-08T16:57:07+00:00\",\"dateModified\":\"2023-09-13T21:41:32+00:00\",\"description\":\"Our Board of Directors plays an important role in our work to empower students, engage the community and help the Boulder Valley School District evolve.\",\"breadcrumb\":{\"@id\":\"https:\\\/\\\/www.impactoneducation.org\\\/2022\\\/09\\\/08\\\/impact-on-education-welcomes-four-new-board-members\\\/#breadcrumb\"},\"inLanguage\":\"es\",\"potentialAction\":[{\"@type\":\"ReadAction\",\"target\":[\"https:\\\/\\\/www.impactoneducation.org\\\/2022\\\/09\\\/08\\\/impact-on-education-welcomes-four-new-board-members\\\/\"]}]},{\"@type\":\"ImageObject\",\"inLanguage\":\"es\",\"@id\":\"https:\\\/\\\/www.impactoneducation.org\\\/2022\\\/09\\\/08\\\/impact-on-education-welcomes-four-new-board-members\\\/#primaryimage\",\"url\":\"https:\\\/\\\/www.impactoneducation.org\\\/wp-content\\\/uploads\\\/2022\\\/09\\\/BLOG-IMAGES-2.jpg\",\"contentUrl\":\"https:\\\/\\\/www.impactoneducation.org\\\/wp-content\\\/uploads\\\/2022\\\/09\\\/BLOG-IMAGES-2.jpg\",\"width\":1800,\"height\":900},{\"@type\":\"BreadcrumbList\",\"@id\":\"https:\\\/\\\/www.impactoneducation.org\\\/2022\\\/09\\\/08\\\/impact-on-education-welcomes-four-new-board-members\\\/#breadcrumb\",\"itemListElement\":[{\"@type\":\"ListItem\",\"position\":1,\"name\":\"Home\",\"item\":\"https:\\\/\\\/www.impactoneducation.org\\\/\"},{\"@type\":\"ListItem\",\"position\":2,\"name\":\"Impact on Education welcomes four new board members\"}]},{\"@type\":\"WebSite\",\"@id\":\"https:\\\/\\\/www.impactoneducation.org\\\/#website\",\"url\":\"https:\\\/\\\/www.impactoneducation.org\\\/\",\"name\":\"Impact on Education\",\"description\":\"Foundation for Boulder Valley Schools\",\"publisher\":{\"@id\":\"https:\\\/\\\/www.impactoneducation.org\\\/#organization\"},\"potentialAction\":[{\"@type\":\"SearchAction\",\"target\":{\"@type\":\"EntryPoint\",\"urlTemplate\":\"https:\\\/\\\/www.impactoneducation.org\\\/?s={search_term_string}\"},\"query-input\":{\"@type\":\"PropertyValueSpecification\",\"valueRequired\":true,\"valueName\":\"search_term_string\"}}],\"inLanguage\":\"es\"},{\"@type\":\"Organization\",\"@id\":\"https:\\\/\\\/www.impactoneducation.org\\\/#organization\",\"name\":\"Impact on Education\",\"url\":\"https:\\\/\\\/www.impactoneducation.org\\\/\",\"logo\":{\"@type\":\"ImageObject\",\"inLanguage\":\"es\",\"@id\":\"https:\\\/\\\/www.impactoneducation.org\\\/#\\\/schema\\\/logo\\\/image\\\/\",\"url\":\"https:\\\/\\\/www.impactoneducation.org\\\/wp-content\\\/uploads\\\/2020\\\/09\\\/Impact-logo-poly.png\",\"contentUrl\":\"https:\\\/\\\/www.impactoneducation.org\\\/wp-content\\\/uploads\\\/2020\\\/09\\\/Impact-logo-poly.png\",\"width\":3455,\"height\":890,\"caption\":\"Impact on Education\"},\"image\":{\"@id\":\"https:\\\/\\\/www.impactoneducation.org\\\/#\\\/schema\\\/logo\\\/image\\\/\"},\"sameAs\":[\"https:\\\/\\\/www.facebook.com\\\/ImpactonEducation\",\"https:\\\/\\\/x.com\\\/ImpactOnEd\",\"https:\\\/\\\/www.instagram.com\\\/impactoneducation\\\/\",\"https:\\\/\\\/www.youtube.com\\\/channel\\\/UCtCaQkVhXiowqiNrIXQ1Lkw\"]},{\"@type\":\"Person\",\"@id\":\"https:\\\/\\\/www.impactoneducation.org\\\/#\\\/schema\\\/person\\\/53d6cf23cef01a9acec9e8afc78177b2\",\"name\":\"Catherine Wessling\",\"image\":{\"@type\":\"ImageObject\",\"inLanguage\":\"es\",\"@id\":\"https:\\\/\\\/secure.gravatar.com\\\/avatar\\\/4a2b01991d3545378a3a7363d434e2407cbea881d07be7459f1b25271e64fa85?s=96&d=mm&r=g\",\"url\":\"https:\\\/\\\/secure.gravatar.com\\\/avatar\\\/4a2b01991d3545378a3a7363d434e2407cbea881d07be7459f1b25271e64fa85?s=96&d=mm&r=g\",\"contentUrl\":\"https:\\\/\\\/secure.gravatar.com\\\/avatar\\\/4a2b01991d3545378a3a7363d434e2407cbea881d07be7459f1b25271e64fa85?s=96&d=mm&r=g\",\"caption\":\"Catherine Wessling\"},\"url\":\"https:\\\/\\\/www.impactoneducation.org\\\/es\\\/author\\\/admin\\\/\"}]}<\/script>\n<!-- \/ Yoast SEO plugin. -->","yoast_head_json":{"title":"Impact on Education da la bienvenida a cuatro nuevos miembros de la junta","description":"Our Board of Directors plays an important role in our work to empower students, engage the community and help the Boulder Valley School District evolve.","robots":{"index":"index","follow":"follow","max-snippet":"max-snippet:-1","max-image-preview":"max-image-preview:large","max-video-preview":"max-video-preview:-1"},"canonical":"https:\/\/www.impactoneducation.org\/es\/2022\/09\/08\/impact-on-education-welcomes-four-new-board-members\/","og_locale":"es_MX","og_type":"article","og_title":"Impact on Education welcomes four new board members","og_description":"Our Board of Directors plays an important role in our work to empower students, engage the community and help the Boulder Valley School District evolve.","og_url":"https:\/\/www.impactoneducation.org\/es\/2022\/09\/08\/impact-on-education-welcomes-four-new-board-members\/","og_site_name":"Impact on Education","article_publisher":"https:\/\/www.facebook.com\/ImpactonEducation","article_published_time":"2022-09-08T16:57:07+00:00","article_modified_time":"2023-09-13T21:41:32+00:00","og_image":[{"width":1800,"height":900,"url":"https:\/\/www.impactoneducation.org\/wp-content\/uploads\/2022\/09\/BLOG-IMAGES-2.jpg","type":"image\/jpeg"}],"author":"Catherine Wessling","twitter_card":"summary_large_image","twitter_creator":"@ImpactOnEd","twitter_site":"@ImpactOnEd","twitter_misc":{"Escrito por":"Catherine Wessling","Tiempo de lectura":"4 minutos"},"schema":{"@context":"https:\/\/schema.org","@graph":[{"@type":"Article","@id":"https:\/\/www.impactoneducation.org\/2022\/09\/08\/impact-on-education-welcomes-four-new-board-members\/#article","isPartOf":{"@id":"https:\/\/www.impactoneducation.org\/2022\/09\/08\/impact-on-education-welcomes-four-new-board-members\/"},"author":{"name":"Catherine Wessling","@id":"https:\/\/www.impactoneducation.org\/#\/schema\/person\/53d6cf23cef01a9acec9e8afc78177b2"},"headline":"Impact on Education welcomes four new board members","datePublished":"2022-09-08T16:57:07+00:00","dateModified":"2023-09-13T21:41:32+00:00","mainEntityOfPage":{"@id":"https:\/\/www.impactoneducation.org\/2022\/09\/08\/impact-on-education-welcomes-four-new-board-members\/"},"wordCount":604,"publisher":{"@id":"https:\/\/www.impactoneducation.org\/#organization"},"image":{"@id":"https:\/\/www.impactoneducation.org\/2022\/09\/08\/impact-on-education-welcomes-four-new-board-members\/#primaryimage"},"thumbnailUrl":"https:\/\/www.impactoneducation.org\/wp-content\/uploads\/2022\/09\/BLOG-IMAGES-2.jpg","articleSection":["NEWS PAGE","Our Team"],"inLanguage":"es"},{"@type":"WebPage","@id":"https:\/\/www.impactoneducation.org\/2022\/09\/08\/impact-on-education-welcomes-four-new-board-members\/","url":"https:\/\/www.impactoneducation.org\/2022\/09\/08\/impact-on-education-welcomes-four-new-board-members\/","name":"Impact on Education da la bienvenida a cuatro nuevos miembros de la junta","isPartOf":{"@id":"https:\/\/www.impactoneducation.org\/#website"},"primaryImageOfPage":{"@id":"https:\/\/www.impactoneducation.org\/2022\/09\/08\/impact-on-education-welcomes-four-new-board-members\/#primaryimage"},"image":{"@id":"https:\/\/www.impactoneducation.org\/2022\/09\/08\/impact-on-education-welcomes-four-new-board-members\/#primaryimage"},"thumbnailUrl":"https:\/\/www.impactoneducation.org\/wp-content\/uploads\/2022\/09\/BLOG-IMAGES-2.jpg","datePublished":"2022-09-08T16:57:07+00:00","dateModified":"2023-09-13T21:41:32+00:00","description":"Our Board of Directors plays an important role in our work to empower students, engage the community and help the Boulder Valley School District evolve.","breadcrumb":{"@id":"https:\/\/www.impactoneducation.org\/2022\/09\/08\/impact-on-education-welcomes-four-new-board-members\/#breadcrumb"},"inLanguage":"es","potentialAction":[{"@type":"ReadAction","target":["https:\/\/www.impactoneducation.org\/2022\/09\/08\/impact-on-education-welcomes-four-new-board-members\/"]}]},{"@type":"ImageObject","inLanguage":"es","@id":"https:\/\/www.impactoneducation.org\/2022\/09\/08\/impact-on-education-welcomes-four-new-board-members\/#primaryimage","url":"https:\/\/www.impactoneducation.org\/wp-content\/uploads\/2022\/09\/BLOG-IMAGES-2.jpg","contentUrl":"https:\/\/www.impactoneducation.org\/wp-content\/uploads\/2022\/09\/BLOG-IMAGES-2.jpg","width":1800,"height":900},{"@type":"BreadcrumbList","@id":"https:\/\/www.impactoneducation.org\/2022\/09\/08\/impact-on-education-welcomes-four-new-board-members\/#breadcrumb","itemListElement":[{"@type":"ListItem","position":1,"name":"Home","item":"https:\/\/www.impactoneducation.org\/"},{"@type":"ListItem","position":2,"name":"Impact on Education welcomes four new board members"}]},{"@type":"WebSite","@id":"https:\/\/www.impactoneducation.org\/#website","url":"https:\/\/www.impactoneducation.org\/","name":"Impacto en la educaci\u00f3n","description":"Fundaci\u00f3n para las Escuelas del Valle de Boulder","publisher":{"@id":"https:\/\/www.impactoneducation.org\/#organization"},"potentialAction":[{"@type":"SearchAction","target":{"@type":"EntryPoint","urlTemplate":"https:\/\/www.impactoneducation.org\/?s={search_term_string}"},"query-input":{"@type":"PropertyValueSpecification","valueRequired":true,"valueName":"search_term_string"}}],"inLanguage":"es"},{"@type":"Organization","@id":"https:\/\/www.impactoneducation.org\/#organization","name":"Impacto en la educaci\u00f3n","url":"https:\/\/www.impactoneducation.org\/","logo":{"@type":"ImageObject","inLanguage":"es","@id":"https:\/\/www.impactoneducation.org\/#\/schema\/logo\/image\/","url":"https:\/\/www.impactoneducation.org\/wp-content\/uploads\/2020\/09\/Impact-logo-poly.png","contentUrl":"https:\/\/www.impactoneducation.org\/wp-content\/uploads\/2020\/09\/Impact-logo-poly.png","width":3455,"height":890,"caption":"Impact on Education"},"image":{"@id":"https:\/\/www.impactoneducation.org\/#\/schema\/logo\/image\/"},"sameAs":["https:\/\/www.facebook.com\/ImpactonEducation","https:\/\/x.com\/ImpactOnEd","https:\/\/www.instagram.com\/impactoneducation\/","https:\/\/www.youtube.com\/channel\/UCtCaQkVhXiowqiNrIXQ1Lkw"]},{"@type":"Person","@id":"https:\/\/www.impactoneducation.org\/#\/schema\/person\/53d6cf23cef01a9acec9e8afc78177b2","name":"Catherine Wessling","image":{"@type":"ImageObject","inLanguage":"es","@id":"https:\/\/secure.gravatar.com\/avatar\/4a2b01991d3545378a3a7363d434e2407cbea881d07be7459f1b25271e64fa85?s=96&d=mm&r=g","url":"https:\/\/secure.gravatar.com\/avatar\/4a2b01991d3545378a3a7363d434e2407cbea881d07be7459f1b25271e64fa85?s=96&d=mm&r=g","contentUrl":"https:\/\/secure.gravatar.com\/avatar\/4a2b01991d3545378a3a7363d434e2407cbea881d07be7459f1b25271e64fa85?s=96&d=mm&r=g","caption":"Catherine Wessling"},"url":"https:\/\/www.impactoneducation.org\/es\/author\/admin\/"}]}},"_links":{"self":[{"href":"https:\/\/www.impactoneducation.org\/es\/wp-json\/wp\/v2\/posts\/6881","targetHints":{"allow":["GET"]}}],"collection":[{"href":"https:\/\/www.impactoneducation.org\/es\/wp-json\/wp\/v2\/posts"}],"about":[{"href":"https:\/\/www.impactoneducation.org\/es\/wp-json\/wp\/v2\/types\/post"}],"author":[{"embeddable":true,"href":"https:\/\/www.impactoneducation.org\/es\/wp-json\/wp\/v2\/users\/3"}],"replies":[{"embeddable":true,"href":"https:\/\/www.impactoneducation.org\/es\/wp-json\/wp\/v2\/comments?post=6881"}],"version-history":[{"count":10,"href":"https:\/\/www.impactoneducation.org\/es\/wp-json\/wp\/v2\/posts\/6881\/revisions"}],"predecessor-version":[{"id":9586,"href":"https:\/\/www.impactoneducation.org\/es\/wp-json\/wp\/v2\/posts\/6881\/revisions\/9586"}],"wp:featuredmedia":[{"embeddable":true,"href":"https:\/\/www.impactoneducation.org\/es\/wp-json\/wp\/v2\/media\/6889"}],"wp:attachment":[{"href":"https:\/\/www.impactoneducation.org\/es\/wp-json\/wp\/v2\/media?parent=6881"}],"wp:term":[{"taxonomy":"category","embeddable":true,"href":"https:\/\/www.impactoneducation.org\/es\/wp-json\/wp\/v2\/categories?post=6881"},{"taxonomy":"post_tag","embeddable":true,"href":"https:\/\/www.impactoneducation.org\/es\/wp-json\/wp\/v2\/tags?post=6881"}],"curies":[{"name":"gracias","href":"https:\/\/api.w.org\/{rel}","templated":true}]}}