{"id":7894,"date":"2023-02-07T03:53:20","date_gmt":"2023-02-07T03:53:20","guid":{"rendered":"https:\/\/www.impactoneducation.org\/?p=7894"},"modified":"2023-12-22T19:41:08","modified_gmt":"2023-12-22T19:41:08","slug":"how-much-does-it-cost-to-live-in-boulder-county","status":"publish","type":"post","link":"https:\/\/www.impactoneducation.org\/es\/2023\/02\/07\/how-much-does-it-cost-to-live-in-boulder-county\/","title":{"rendered":"\u00bfCu\u00e1nto cuesta vivir en el condado de Boulder?"},"content":{"rendered":"<p><strong>Actualizaci\u00f3n de diciembre de 2023<\/strong>:<br>EFAA publica su segundo Panel de Bienestar Comunitario anual que captura los datos m\u00e1s recientes disponibles para el Condado de Boulder sobre temas como pobreza, ingresos, empleo, salarios, seguridad alimentaria, estabilidad de vivienda y falta de vivienda familiar. Echar un vistazo:<\/p>\n\n\n\n<ul class=\"wp-block-list\">\n<li><a href=\"https:\/\/www.efaa.org\/wp-content\/uploads\/2023\/10\/2023-Boulder-County-Community-Dashboard.pdf\" target=\"_blank\" rel=\"noreferrer noopener\">Panel de bienestar comunitario 2023 \u2013 Ingl\u00e9s<\/a><\/li>\n\n\n\n<li><a href=\"https:\/\/www.efaa.org\/wp-content\/uploads\/2023\/11\/2023-Spanish-Boulder-dashboard-for-web.pdf\" target=\"_blank\" rel=\"noreferrer noopener\">Panel de bienestar comunitario 2023 \u2013 en espa\u00f1ol<\/a><\/li>\n<\/ul>\n\n\n\n<h1 class=\"wp-block-heading\">\u00bfCu\u00e1nto cuesta vivir en el condado de Boulder?<\/h1>\n\n\n\n<p>Impact on Education existe para brindar apoyo y recursos a los estudiantes que superan los mayores obst\u00e1culos. Trabajamos para crear conciencia y fondos para eliminar las barreras econ\u00f3micas y de aprendizaje que enfrentan nuestros estudiantes. <\/p>\n\n\n\n<p>En este momento, todos en nuestra comunidad est\u00e1n experimentando un aumento en los costos de alimentos, combustible y otras necesidades b\u00e1sicas. El aumento de los precios significa que las familias de nuestra comunidad est\u00e1n luchando para llegar a fin de mes. <a href=\"https:\/\/resources.finalsite.net\/images\/v1670527499\/bvsdorg\/gykjxohpkqu0etjzv0wo\/2022-23SpecialProgramsSummary.pdf\" target=\"_blank\" rel=\"noreferrer noopener\">Cada escuela en el Distrito Escolar del Valle de Boulder<\/a> incluye familias que enfrentan desaf\u00edos financieros, y cuantas m\u00e1s personas reconozcan esto, m\u00e1s podremos ayudar a los necesitados.<\/p>\n\n\n\n<h2 class=\"wp-block-heading\"><strong>El costo de vida en el condado de Boulder<\/strong><\/h2>\n\n\n\n<p>los <a href=\"https:\/\/aspe.hhs.gov\/topics\/poverty-economic-mobility\/poverty-guidelines\" target=\"_blank\" rel=\"noreferrer noopener\">l\u00ednea federal de pobreza<\/a> para una familia de cuatro es $30,000 anuales. Si bien el umbral para calificar para el programa de comidas gratuitas o de precio reducido de BVSD es considerablemente m\u00e1s alto en $51,338, sigue siendo menos de la mitad del costo de vida estimado en el condado de Boulder. El <a href=\"https:\/\/cclponline.org\/wp-content\/uploads\/2022\/11\/CO22_SSS.pdf\" target=\"_blank\" rel=\"noreferrer noopener\">Est\u00e1ndar de autosuficiencia<\/a>, una medida que calcula cu\u00e1nto ingreso debe ganar una familia para satisfacer las necesidades b\u00e1sicas, es $107,462 para una familia de cuatro en el condado de Boulder.<\/p>\n\n\n\n<p>Una forma en que podemos identificar a los estudiantes y las familias necesitadas es a trav\u00e9s del Distrito Escolar del Valle de Boulder. <a href=\"https:\/\/food.bvsd.org\/meals-nutrition\/free-reduced-meals\" target=\"_blank\" rel=\"noreferrer noopener\">programa de comidas gratis y a precio reducido<\/a>.<\/p>\n\n\n\n<h2 class=\"wp-block-heading\"><strong>Almuerzos gratuitos y de precio reducido<\/strong><\/h2>\n\n\n\n<p>Dentro de BVSD, los estudiantes reciben comidas gratis independientemente de sus ingresos si:<\/p>\n\n\n\n<ul class=\"wp-block-list\">\n<li>su hogar est\u00e1 inscrito en el Programa de Asistencia Nutricional Suplementaria (SNAP)<\/li>\n\n\n\n<li>califican como ni\u00f1os sin hogar, fugitivos, adoptivos y\/o migrantes<\/li>\n\n\n\n<li>viven con uno de sus padres en un coche o en un hotel&nbsp;<\/li>\n<\/ul>\n\n\n\n<p>Los estudiantes tambi\u00e9n pueden calificar para comidas gratuitas o de precio reducido seg\u00fan los ingresos de su hogar.&nbsp;<strong>Para el a\u00f1o escolar 2022-23, 25% de la comunidad de BVSD (7180 estudiantes) califican para recibir comidas gratuitas o a precio reducido:<\/strong><\/p>\n\n\n\n<ul class=\"wp-block-list\">\n<li>21% de estudiantes califican para almuerzo gratis<\/li>\n\n\n\n<li>4.4% de estudiantes califican para almuerzo reducido<\/li>\n<\/ul>\n\n\n\n<h2 class=\"wp-block-heading\"><strong>Lo que esto significa para los estudiantes y las familias de BVSD<\/strong><\/h2>\n\n\n\n<p>Estamos comprometidos a garantizar que todos los estudiantes tengan acceso a las mismas oportunidades independientemente de factores incontrolables como su situaci\u00f3n econ\u00f3mica. La inscripci\u00f3n en el programa de comidas gratuitas o de precio reducido de BVSD y las familias afectadas por el incendio Marshall son dos formas en que podemos identificar a los estudiantes que necesitan apoyo adicional. <\/p>\n\n\n\n<p><strong>Pero, \u00bfcu\u00e1ntas familias de BVSD no califican para el almuerzo gratis oa precio reducido u otros beneficios y todav\u00eda tienen dificultades para llegar a fin de mes?<\/strong><\/p>\n\n\n\n<p>Los administradores, educadores y personal de BVSD a menudo acuden a Impact on Education cuando no pueden satisfacer las necesidades de los estudiantes. Continuamos explorando c\u00f3mo podemos identificar y ofrecer recursos de manera efectiva y discreta a todos los estudiantes y familias de BVSD que tienen dificultades financieras en el condado de Boulder. Nuestra s\u00f3lida asociaci\u00f3n con BVSD garantiza que podamos proporcionar recursos directos que permitan a nuestras escuelas y educadores apoyar a los estudiantes.<\/p>\n\n\n\n<div style=\"height:30px\" aria-hidden=\"true\" class=\"wp-block-spacer\"><\/div>\n\n\n\n<h2 class=\"wp-block-heading has-text-align-center has-blue-green-color has-light-green-background-color has-text-color has-background\"><strong>ANTES DE QUE TE VAYAS \u2026<\/strong><\/h2>\n\n\n\n<p>Impact on Education es una organizaci\u00f3n sin fines de lucro y dependemos de nuestra comunidad para ayudarnos a poner nuestra misi\u00f3n en acci\u00f3n. <strong>Necesitamos tu ayuda<\/strong> para brindar oportunidades y recursos a casi 30,000 estudiantes y 4,000 educadores en el Distrito Escolar del Valle de Boulder.<\/p>\n\n\n\n<div class=\"wp-block-buttons is-content-justification-center is-layout-flex wp-container-core-buttons-is-layout-16018d1d wp-block-buttons-is-layout-flex\">\n<div class=\"wp-block-button\"><a class=\"wp-block-button__link has-blue-green-background-color has-background wp-element-button\" href=\"https:\/\/impactoneducation.donorsupport.co\/-\/XSHHVULF\" target=\"_blank\" rel=\"noreferrer noopener\">DAR HOY<\/a><\/div>\n<\/div>","protected":false},"excerpt":{"rendered":"<p>Todos en nuestra comunidad est\u00e1n experimentando mayores costos de alimentos, combustible y otras necesidades b\u00e1sicas. El aumento de los precios significa que las familias de nuestra comunidad est\u00e1n luchando para llegar a fin de mes. Cada escuela en el Distrito Escolar del Valle de Boulder incluye familias que enfrentan desaf\u00edos financieros.<\/p>","protected":false},"author":3,"featured_media":7917,"comment_status":"closed","ping_status":"open","sticky":false,"template":"","format":"standard","meta":{"_acf_changed":false,"_monsterinsights_skip_tracking":false,"_monsterinsights_sitenote_active":false,"_monsterinsights_sitenote_note":"","_monsterinsights_sitenote_category":0,"footnotes":""},"categories":[68,74,67],"tags":[],"class_list":["post-7894","post","type-post","status-publish","format-standard","has-post-thumbnail","hentry","category-mission-moments","category-news-page","category-what-we-do"],"acf":[],"yoast_head":"<!-- This site is optimized with the Yoast SEO plugin v27.4 - https:\/\/yoast.com\/product\/yoast-seo-wordpress\/ -->\n<title>How much does it cost to live in Boulder County? &#8211; Impact on Education<\/title>\n<meta name=\"description\" content=\"Our commitment to creating opportunity for success, from preschool through graduation, supports BVSD students furthest from resources\" \/>\n<meta name=\"robots\" content=\"index, follow, max-snippet:-1, max-image-preview:large, max-video-preview:-1\" \/>\n<link rel=\"canonical\" href=\"https:\/\/www.impactoneducation.org\/es\/2023\/02\/07\/how-much-does-it-cost-to-live-in-boulder-county\/\" \/>\n<meta property=\"og:locale\" content=\"es_MX\" \/>\n<meta property=\"og:type\" content=\"article\" \/>\n<meta property=\"og:title\" content=\"How much does it cost to live in Boulder County? &#8211; Impact on Education\" \/>\n<meta property=\"og:description\" content=\"Our commitment to creating opportunity for success, from preschool through graduation, supports BVSD students furthest from resources\" \/>\n<meta property=\"og:url\" content=\"https:\/\/www.impactoneducation.org\/es\/2023\/02\/07\/how-much-does-it-cost-to-live-in-boulder-county\/\" \/>\n<meta property=\"og:site_name\" content=\"Impact on Education\" \/>\n<meta property=\"article:publisher\" content=\"https:\/\/www.facebook.com\/ImpactonEducation\" \/>\n<meta property=\"article:published_time\" content=\"2023-02-07T03:53:20+00:00\" \/>\n<meta property=\"article:modified_time\" content=\"2023-12-22T19:41:08+00:00\" \/>\n<meta property=\"og:image\" content=\"https:\/\/www.impactoneducation.org\/wp-content\/uploads\/2023\/02\/2023-Blog-Images_Website-2-1.png\" \/>\n\t<meta property=\"og:image:width\" content=\"1800\" \/>\n\t<meta property=\"og:image:height\" content=\"900\" \/>\n\t<meta property=\"og:image:type\" content=\"image\/png\" \/>\n<meta name=\"author\" content=\"Catherine Wessling\" \/>\n<meta name=\"twitter:card\" content=\"summary_large_image\" \/>\n<meta name=\"twitter:image\" content=\"https:\/\/www.impactoneducation.org\/wp-content\/uploads\/2023\/02\/2023-Blog-Images_Website-2-1.png\" \/>\n<meta name=\"twitter:creator\" content=\"@ImpactOnEd\" \/>\n<meta name=\"twitter:site\" content=\"@ImpactOnEd\" \/>\n<meta name=\"twitter:label1\" content=\"Escrito por\" \/>\n\t<meta name=\"twitter:data1\" content=\"Catherine Wessling\" \/>\n\t<meta name=\"twitter:label2\" content=\"Tiempo de lectura\" \/>\n\t<meta name=\"twitter:data2\" content=\"3 minutos\" \/>\n<script type=\"application\/ld+json\" class=\"yoast-schema-graph\">{\"@context\":\"https:\\\/\\\/schema.org\",\"@graph\":[{\"@type\":\"Article\",\"@id\":\"https:\\\/\\\/www.impactoneducation.org\\\/2023\\\/02\\\/07\\\/how-much-does-it-cost-to-live-in-boulder-county\\\/#article\",\"isPartOf\":{\"@id\":\"https:\\\/\\\/www.impactoneducation.org\\\/2023\\\/02\\\/07\\\/how-much-does-it-cost-to-live-in-boulder-county\\\/\"},\"author\":{\"name\":\"Catherine Wessling\",\"@id\":\"https:\\\/\\\/www.impactoneducation.org\\\/#\\\/schema\\\/person\\\/53d6cf23cef01a9acec9e8afc78177b2\"},\"headline\":\"How much does it cost to live in Boulder County?\",\"datePublished\":\"2023-02-07T03:53:20+00:00\",\"dateModified\":\"2023-12-22T19:41:08+00:00\",\"mainEntityOfPage\":{\"@id\":\"https:\\\/\\\/www.impactoneducation.org\\\/2023\\\/02\\\/07\\\/how-much-does-it-cost-to-live-in-boulder-county\\\/\"},\"wordCount\":554,\"publisher\":{\"@id\":\"https:\\\/\\\/www.impactoneducation.org\\\/#organization\"},\"image\":{\"@id\":\"https:\\\/\\\/www.impactoneducation.org\\\/2023\\\/02\\\/07\\\/how-much-does-it-cost-to-live-in-boulder-county\\\/#primaryimage\"},\"thumbnailUrl\":\"https:\\\/\\\/www.impactoneducation.org\\\/wp-content\\\/uploads\\\/2023\\\/02\\\/2023-Blog-Images_Website-2-1.png\",\"articleSection\":[\"Mission Moments\",\"NEWS PAGE\",\"What We Do\"],\"inLanguage\":\"es\"},{\"@type\":\"WebPage\",\"@id\":\"https:\\\/\\\/www.impactoneducation.org\\\/2023\\\/02\\\/07\\\/how-much-does-it-cost-to-live-in-boulder-county\\\/\",\"url\":\"https:\\\/\\\/www.impactoneducation.org\\\/2023\\\/02\\\/07\\\/how-much-does-it-cost-to-live-in-boulder-county\\\/\",\"name\":\"How much does it cost to live in Boulder County? &#8211; Impact on Education\",\"isPartOf\":{\"@id\":\"https:\\\/\\\/www.impactoneducation.org\\\/#website\"},\"primaryImageOfPage\":{\"@id\":\"https:\\\/\\\/www.impactoneducation.org\\\/2023\\\/02\\\/07\\\/how-much-does-it-cost-to-live-in-boulder-county\\\/#primaryimage\"},\"image\":{\"@id\":\"https:\\\/\\\/www.impactoneducation.org\\\/2023\\\/02\\\/07\\\/how-much-does-it-cost-to-live-in-boulder-county\\\/#primaryimage\"},\"thumbnailUrl\":\"https:\\\/\\\/www.impactoneducation.org\\\/wp-content\\\/uploads\\\/2023\\\/02\\\/2023-Blog-Images_Website-2-1.png\",\"datePublished\":\"2023-02-07T03:53:20+00:00\",\"dateModified\":\"2023-12-22T19:41:08+00:00\",\"description\":\"Our commitment to creating opportunity for success, from preschool through graduation, supports BVSD students furthest from resources\",\"breadcrumb\":{\"@id\":\"https:\\\/\\\/www.impactoneducation.org\\\/2023\\\/02\\\/07\\\/how-much-does-it-cost-to-live-in-boulder-county\\\/#breadcrumb\"},\"inLanguage\":\"es\",\"potentialAction\":[{\"@type\":\"ReadAction\",\"target\":[\"https:\\\/\\\/www.impactoneducation.org\\\/2023\\\/02\\\/07\\\/how-much-does-it-cost-to-live-in-boulder-county\\\/\"]}]},{\"@type\":\"ImageObject\",\"inLanguage\":\"es\",\"@id\":\"https:\\\/\\\/www.impactoneducation.org\\\/2023\\\/02\\\/07\\\/how-much-does-it-cost-to-live-in-boulder-county\\\/#primaryimage\",\"url\":\"https:\\\/\\\/www.impactoneducation.org\\\/wp-content\\\/uploads\\\/2023\\\/02\\\/2023-Blog-Images_Website-2-1.png\",\"contentUrl\":\"https:\\\/\\\/www.impactoneducation.org\\\/wp-content\\\/uploads\\\/2023\\\/02\\\/2023-Blog-Images_Website-2-1.png\",\"width\":1800,\"height\":900},{\"@type\":\"BreadcrumbList\",\"@id\":\"https:\\\/\\\/www.impactoneducation.org\\\/2023\\\/02\\\/07\\\/how-much-does-it-cost-to-live-in-boulder-county\\\/#breadcrumb\",\"itemListElement\":[{\"@type\":\"ListItem\",\"position\":1,\"name\":\"Home\",\"item\":\"https:\\\/\\\/www.impactoneducation.org\\\/\"},{\"@type\":\"ListItem\",\"position\":2,\"name\":\"How much does it cost to live in Boulder County?\"}]},{\"@type\":\"WebSite\",\"@id\":\"https:\\\/\\\/www.impactoneducation.org\\\/#website\",\"url\":\"https:\\\/\\\/www.impactoneducation.org\\\/\",\"name\":\"Impact on Education\",\"description\":\"Foundation for Boulder Valley Schools\",\"publisher\":{\"@id\":\"https:\\\/\\\/www.impactoneducation.org\\\/#organization\"},\"potentialAction\":[{\"@type\":\"SearchAction\",\"target\":{\"@type\":\"EntryPoint\",\"urlTemplate\":\"https:\\\/\\\/www.impactoneducation.org\\\/?s={search_term_string}\"},\"query-input\":{\"@type\":\"PropertyValueSpecification\",\"valueRequired\":true,\"valueName\":\"search_term_string\"}}],\"inLanguage\":\"es\"},{\"@type\":\"Organization\",\"@id\":\"https:\\\/\\\/www.impactoneducation.org\\\/#organization\",\"name\":\"Impact on Education\",\"url\":\"https:\\\/\\\/www.impactoneducation.org\\\/\",\"logo\":{\"@type\":\"ImageObject\",\"inLanguage\":\"es\",\"@id\":\"https:\\\/\\\/www.impactoneducation.org\\\/#\\\/schema\\\/logo\\\/image\\\/\",\"url\":\"https:\\\/\\\/www.impactoneducation.org\\\/wp-content\\\/uploads\\\/2020\\\/09\\\/Impact-logo-poly.png\",\"contentUrl\":\"https:\\\/\\\/www.impactoneducation.org\\\/wp-content\\\/uploads\\\/2020\\\/09\\\/Impact-logo-poly.png\",\"width\":3455,\"height\":890,\"caption\":\"Impact on Education\"},\"image\":{\"@id\":\"https:\\\/\\\/www.impactoneducation.org\\\/#\\\/schema\\\/logo\\\/image\\\/\"},\"sameAs\":[\"https:\\\/\\\/www.facebook.com\\\/ImpactonEducation\",\"https:\\\/\\\/x.com\\\/ImpactOnEd\",\"https:\\\/\\\/www.instagram.com\\\/impactoneducation\\\/\",\"https:\\\/\\\/www.youtube.com\\\/channel\\\/UCtCaQkVhXiowqiNrIXQ1Lkw\"]},{\"@type\":\"Person\",\"@id\":\"https:\\\/\\\/www.impactoneducation.org\\\/#\\\/schema\\\/person\\\/53d6cf23cef01a9acec9e8afc78177b2\",\"name\":\"Catherine Wessling\",\"image\":{\"@type\":\"ImageObject\",\"inLanguage\":\"es\",\"@id\":\"https:\\\/\\\/secure.gravatar.com\\\/avatar\\\/4a2b01991d3545378a3a7363d434e2407cbea881d07be7459f1b25271e64fa85?s=96&d=mm&r=g\",\"url\":\"https:\\\/\\\/secure.gravatar.com\\\/avatar\\\/4a2b01991d3545378a3a7363d434e2407cbea881d07be7459f1b25271e64fa85?s=96&d=mm&r=g\",\"contentUrl\":\"https:\\\/\\\/secure.gravatar.com\\\/avatar\\\/4a2b01991d3545378a3a7363d434e2407cbea881d07be7459f1b25271e64fa85?s=96&d=mm&r=g\",\"caption\":\"Catherine Wessling\"},\"url\":\"https:\\\/\\\/www.impactoneducation.org\\\/es\\\/author\\\/admin\\\/\"}]}<\/script>\n<!-- \/ Yoast SEO plugin. -->","yoast_head_json":{"title":"How much does it cost to live in Boulder County? &#8211; Impact on Education","description":"Our commitment to creating opportunity for success, from preschool through graduation, supports BVSD students furthest from resources","robots":{"index":"index","follow":"follow","max-snippet":"max-snippet:-1","max-image-preview":"max-image-preview:large","max-video-preview":"max-video-preview:-1"},"canonical":"https:\/\/www.impactoneducation.org\/es\/2023\/02\/07\/how-much-does-it-cost-to-live-in-boulder-county\/","og_locale":"es_MX","og_type":"article","og_title":"How much does it cost to live in Boulder County? &#8211; Impact on Education","og_description":"Our commitment to creating opportunity for success, from preschool through graduation, supports BVSD students furthest from resources","og_url":"https:\/\/www.impactoneducation.org\/es\/2023\/02\/07\/how-much-does-it-cost-to-live-in-boulder-county\/","og_site_name":"Impact on Education","article_publisher":"https:\/\/www.facebook.com\/ImpactonEducation","article_published_time":"2023-02-07T03:53:20+00:00","article_modified_time":"2023-12-22T19:41:08+00:00","og_image":[{"width":1800,"height":900,"url":"https:\/\/www.impactoneducation.org\/wp-content\/uploads\/2023\/02\/2023-Blog-Images_Website-2-1.png","type":"image\/png"}],"author":"Catherine Wessling","twitter_card":"summary_large_image","twitter_image":"https:\/\/www.impactoneducation.org\/wp-content\/uploads\/2023\/02\/2023-Blog-Images_Website-2-1.png","twitter_creator":"@ImpactOnEd","twitter_site":"@ImpactOnEd","twitter_misc":{"Escrito por":"Catherine Wessling","Tiempo de lectura":"3 minutos"},"schema":{"@context":"https:\/\/schema.org","@graph":[{"@type":"Article","@id":"https:\/\/www.impactoneducation.org\/2023\/02\/07\/how-much-does-it-cost-to-live-in-boulder-county\/#article","isPartOf":{"@id":"https:\/\/www.impactoneducation.org\/2023\/02\/07\/how-much-does-it-cost-to-live-in-boulder-county\/"},"author":{"name":"Catherine Wessling","@id":"https:\/\/www.impactoneducation.org\/#\/schema\/person\/53d6cf23cef01a9acec9e8afc78177b2"},"headline":"How much does it cost to live in Boulder County?","datePublished":"2023-02-07T03:53:20+00:00","dateModified":"2023-12-22T19:41:08+00:00","mainEntityOfPage":{"@id":"https:\/\/www.impactoneducation.org\/2023\/02\/07\/how-much-does-it-cost-to-live-in-boulder-county\/"},"wordCount":554,"publisher":{"@id":"https:\/\/www.impactoneducation.org\/#organization"},"image":{"@id":"https:\/\/www.impactoneducation.org\/2023\/02\/07\/how-much-does-it-cost-to-live-in-boulder-county\/#primaryimage"},"thumbnailUrl":"https:\/\/www.impactoneducation.org\/wp-content\/uploads\/2023\/02\/2023-Blog-Images_Website-2-1.png","articleSection":["Mission Moments","NEWS PAGE","What We Do"],"inLanguage":"es"},{"@type":"WebPage","@id":"https:\/\/www.impactoneducation.org\/2023\/02\/07\/how-much-does-it-cost-to-live-in-boulder-county\/","url":"https:\/\/www.impactoneducation.org\/2023\/02\/07\/how-much-does-it-cost-to-live-in-boulder-county\/","name":"How much does it cost to live in Boulder County? &#8211; Impact on Education","isPartOf":{"@id":"https:\/\/www.impactoneducation.org\/#website"},"primaryImageOfPage":{"@id":"https:\/\/www.impactoneducation.org\/2023\/02\/07\/how-much-does-it-cost-to-live-in-boulder-county\/#primaryimage"},"image":{"@id":"https:\/\/www.impactoneducation.org\/2023\/02\/07\/how-much-does-it-cost-to-live-in-boulder-county\/#primaryimage"},"thumbnailUrl":"https:\/\/www.impactoneducation.org\/wp-content\/uploads\/2023\/02\/2023-Blog-Images_Website-2-1.png","datePublished":"2023-02-07T03:53:20+00:00","dateModified":"2023-12-22T19:41:08+00:00","description":"Our commitment to creating opportunity for success, from preschool through graduation, supports BVSD students furthest from resources","breadcrumb":{"@id":"https:\/\/www.impactoneducation.org\/2023\/02\/07\/how-much-does-it-cost-to-live-in-boulder-county\/#breadcrumb"},"inLanguage":"es","potentialAction":[{"@type":"ReadAction","target":["https:\/\/www.impactoneducation.org\/2023\/02\/07\/how-much-does-it-cost-to-live-in-boulder-county\/"]}]},{"@type":"ImageObject","inLanguage":"es","@id":"https:\/\/www.impactoneducation.org\/2023\/02\/07\/how-much-does-it-cost-to-live-in-boulder-county\/#primaryimage","url":"https:\/\/www.impactoneducation.org\/wp-content\/uploads\/2023\/02\/2023-Blog-Images_Website-2-1.png","contentUrl":"https:\/\/www.impactoneducation.org\/wp-content\/uploads\/2023\/02\/2023-Blog-Images_Website-2-1.png","width":1800,"height":900},{"@type":"BreadcrumbList","@id":"https:\/\/www.impactoneducation.org\/2023\/02\/07\/how-much-does-it-cost-to-live-in-boulder-county\/#breadcrumb","itemListElement":[{"@type":"ListItem","position":1,"name":"Home","item":"https:\/\/www.impactoneducation.org\/"},{"@type":"ListItem","position":2,"name":"How much does it cost to live in Boulder County?"}]},{"@type":"WebSite","@id":"https:\/\/www.impactoneducation.org\/#website","url":"https:\/\/www.impactoneducation.org\/","name":"Impacto en la educaci\u00f3n","description":"Fundaci\u00f3n para las Escuelas del Valle de Boulder","publisher":{"@id":"https:\/\/www.impactoneducation.org\/#organization"},"potentialAction":[{"@type":"SearchAction","target":{"@type":"EntryPoint","urlTemplate":"https:\/\/www.impactoneducation.org\/?s={search_term_string}"},"query-input":{"@type":"PropertyValueSpecification","valueRequired":true,"valueName":"search_term_string"}}],"inLanguage":"es"},{"@type":"Organization","@id":"https:\/\/www.impactoneducation.org\/#organization","name":"Impacto en la educaci\u00f3n","url":"https:\/\/www.impactoneducation.org\/","logo":{"@type":"ImageObject","inLanguage":"es","@id":"https:\/\/www.impactoneducation.org\/#\/schema\/logo\/image\/","url":"https:\/\/www.impactoneducation.org\/wp-content\/uploads\/2020\/09\/Impact-logo-poly.png","contentUrl":"https:\/\/www.impactoneducation.org\/wp-content\/uploads\/2020\/09\/Impact-logo-poly.png","width":3455,"height":890,"caption":"Impact on Education"},"image":{"@id":"https:\/\/www.impactoneducation.org\/#\/schema\/logo\/image\/"},"sameAs":["https:\/\/www.facebook.com\/ImpactonEducation","https:\/\/x.com\/ImpactOnEd","https:\/\/www.instagram.com\/impactoneducation\/","https:\/\/www.youtube.com\/channel\/UCtCaQkVhXiowqiNrIXQ1Lkw"]},{"@type":"Person","@id":"https:\/\/www.impactoneducation.org\/#\/schema\/person\/53d6cf23cef01a9acec9e8afc78177b2","name":"Catherine Wessling","image":{"@type":"ImageObject","inLanguage":"es","@id":"https:\/\/secure.gravatar.com\/avatar\/4a2b01991d3545378a3a7363d434e2407cbea881d07be7459f1b25271e64fa85?s=96&d=mm&r=g","url":"https:\/\/secure.gravatar.com\/avatar\/4a2b01991d3545378a3a7363d434e2407cbea881d07be7459f1b25271e64fa85?s=96&d=mm&r=g","contentUrl":"https:\/\/secure.gravatar.com\/avatar\/4a2b01991d3545378a3a7363d434e2407cbea881d07be7459f1b25271e64fa85?s=96&d=mm&r=g","caption":"Catherine Wessling"},"url":"https:\/\/www.impactoneducation.org\/es\/author\/admin\/"}]}},"_links":{"self":[{"href":"https:\/\/www.impactoneducation.org\/es\/wp-json\/wp\/v2\/posts\/7894","targetHints":{"allow":["GET"]}}],"collection":[{"href":"https:\/\/www.impactoneducation.org\/es\/wp-json\/wp\/v2\/posts"}],"about":[{"href":"https:\/\/www.impactoneducation.org\/es\/wp-json\/wp\/v2\/types\/post"}],"author":[{"embeddable":true,"href":"https:\/\/www.impactoneducation.org\/es\/wp-json\/wp\/v2\/users\/3"}],"replies":[{"embeddable":true,"href":"https:\/\/www.impactoneducation.org\/es\/wp-json\/wp\/v2\/comments?post=7894"}],"version-history":[{"count":30,"href":"https:\/\/www.impactoneducation.org\/es\/wp-json\/wp\/v2\/posts\/7894\/revisions"}],"predecessor-version":[{"id":10093,"href":"https:\/\/www.impactoneducation.org\/es\/wp-json\/wp\/v2\/posts\/7894\/revisions\/10093"}],"wp:featuredmedia":[{"embeddable":true,"href":"https:\/\/www.impactoneducation.org\/es\/wp-json\/wp\/v2\/media\/7917"}],"wp:attachment":[{"href":"https:\/\/www.impactoneducation.org\/es\/wp-json\/wp\/v2\/media?parent=7894"}],"wp:term":[{"taxonomy":"category","embeddable":true,"href":"https:\/\/www.impactoneducation.org\/es\/wp-json\/wp\/v2\/categories?post=7894"},{"taxonomy":"post_tag","embeddable":true,"href":"https:\/\/www.impactoneducation.org\/es\/wp-json\/wp\/v2\/tags?post=7894"}],"curies":[{"name":"gracias","href":"https:\/\/api.w.org\/{rel}","templated":true}]}}