{"id":8384,"date":"2023-04-12T18:25:00","date_gmt":"2023-04-12T18:25:00","guid":{"rendered":"https:\/\/www.impactoneducation.org\/?p=8384"},"modified":"2023-09-13T19:43:18","modified_gmt":"2023-09-13T19:43:18","slug":"how-educator-grants-made-a-difference-this-year","status":"publish","type":"post","link":"https:\/\/www.impactoneducation.org\/es\/2023\/04\/12\/how-educator-grants-made-a-difference-this-year\/","title":{"rendered":"C\u00f3mo las subvenciones para educadores marcaron la diferencia este a\u00f1o"},"content":{"rendered":"<h1 class=\"wp-block-heading\">C\u00f3mo las subvenciones para educadores marcaron la diferencia este a\u00f1o<\/h1>\n\n\n\n<p>Las subvenciones para educadores de aula y escuelas son herramientas peque\u00f1as pero poderosas que pueden ayudar a financiar ideas creativas e innovadoras para proyectos, actividades y materiales educativos. Nuestro <a href=\"https:\/\/www.impactoneducation.org\/es\/academic-opportunity\/#fund\" target=\"_blank\" rel=\"noreferrer noopener\">Fondo de oportunidades acad\u00e9micas<\/a> es un recurso valioso para maestros y escuelas con presupuestos limitados, pero que est\u00e1n decididos a brindar las mejores oportunidades de aprendizaje para sus estudiantes.\u00a0<\/p>\n\n\n\n<p><strong>En el a\u00f1o escolar 2022-23, ofrecimos tres rondas de financiamiento de subvenciones que otorgaron $230,000 en 166 subvenciones individuales<\/strong>.&nbsp;<\/p>\n\n\n\n<p>El programa recibi\u00f3 m\u00e1s de 220 solicitudes de subvenci\u00f3n de 45 escuelas en todo el Distrito Escolar del Valle de Boulder.<\/p>\n\n\n\n<figure class=\"wp-block-gallery alignwide has-nested-images columns-default is-cropped wp-block-gallery-1 is-layout-flex wp-block-gallery-is-layout-flex\">\n<figure class=\"wp-block-image size-large\"><img loading=\"lazy\" decoding=\"async\" width=\"300\" height=\"250\" data-id=\"8386\" src=\"https:\/\/www.impactoneducation.org\/wp-content\/uploads\/2023\/04\/aof-photography.png\" alt=\"\" class=\"wp-image-8386\" srcset=\"https:\/\/www.impactoneducation.org\/wp-content\/uploads\/2023\/04\/aof-photography.png 300w, https:\/\/www.impactoneducation.org\/wp-content\/uploads\/2023\/04\/aof-photography-14x12.png 14w\" sizes=\"auto, (max-width: 300px) 100vw, 300px\" \/><\/figure>\n\n\n\n<figure class=\"wp-block-image size-large\"><img loading=\"lazy\" decoding=\"async\" width=\"300\" height=\"250\" data-id=\"8387\" src=\"https:\/\/www.impactoneducation.org\/wp-content\/uploads\/2023\/04\/aof-adaptive-bicycle.png\" alt=\"\" class=\"wp-image-8387\" srcset=\"https:\/\/www.impactoneducation.org\/wp-content\/uploads\/2023\/04\/aof-adaptive-bicycle.png 300w, https:\/\/www.impactoneducation.org\/wp-content\/uploads\/2023\/04\/aof-adaptive-bicycle-14x12.png 14w\" sizes=\"auto, (max-width: 300px) 100vw, 300px\" \/><\/figure>\n<\/figure>\n\n\n\n<h2 class=\"wp-block-heading\"><strong>Oportunidades para la creatividad y la innovaci\u00f3n<\/strong><\/h2>\n\n\n\n<p>Cuando a los educadores se les da la oportunidad de solicitar subvenciones del Fondo de Oportunidades Acad\u00e9micas, se les anima a pensar fuera de la caja y encontrar formas nuevas y emocionantes de involucrar a sus estudiantes. Las subvenciones de este a\u00f1o proporcionaron fondos para:<\/p>\n\n\n\n<ul class=\"wp-block-list\">\n<li>un seminario de investigaci\u00f3n cient\u00edfica<\/li>\n\n\n\n<li>Impresoras 3D para clases de ingenier\u00eda<\/li>\n\n\n\n<li>un desaf\u00edo de lectura en todo el distrito<\/li>\n\n\n\n<li>un telar para la clase de construcci\u00f3n en Boulder TEC<\/li>\n\n\n\n<li>Desfile de moda STEAM<\/li>\n<\/ul>\n\n\n\n<h2 class=\"wp-block-heading\"><strong>Ayudando a cerrar la brecha de financiaci\u00f3n<\/strong><\/h2>\n\n\n\n<p>Con presupuestos escolares limitados, las subvenciones del Fondo de Oportunidades Acad\u00e9micas cierran la brecha de financiaci\u00f3n tanto para los educadores como para las escuelas al proporcionar recursos adicionales que mejoran la experiencia de aprendizaje de los estudiantes. Esta financiaci\u00f3n puede ayudar a que las clases sean m\u00e1s relevantes y atractivas y conducir a mejores resultados de los estudiantes.<\/p>\n\n\n\n<p>Adem\u00e1s de las solicitudes comunes, como libros, tutores y software, las subvenciones tambi\u00e9n proporcionaron fondos para:<\/p>\n\n\n\n<ul class=\"wp-block-list\">\n<li>transporte de estudiantes y clases<\/li>\n\n\n\n<li>asientos flexibles y rincones tranquilos<\/li>\n\n\n\n<li>equipo especializado como c\u00e1maras<\/li>\n\n\n\n<li>equipo de adaptaci\u00f3n para clases unificadas de educaci\u00f3n f\u00edsica<\/li>\n\n\n\n<li>reparaci\u00f3n de instrumentos en todo el distrito<\/li>\n<\/ul>\n\n\n\n<h2 class=\"wp-block-heading\"><strong>Mejorar los resultados de los estudiantes<\/strong><\/h2>\n\n\n\n<p>El Fondo de Oportunidades Acad\u00e9micas apoya todo, desde el enriquecimiento en el aula y la tutor\u00eda virtual hasta excursiones y libros, cualquier cosa que ayude a brindar valiosas experiencias educativas a los estudiantes de BVSD.<\/p>\n\n\n\n<p>Nuestras subvenciones reabrir\u00e1n en el oto\u00f1o para el a\u00f1o escolar 2023-24 para apoyar a los educadores y estudiantes en BVSD.<\/p>","protected":false},"excerpt":{"rendered":"<p>A lo largo del a\u00f1o escolar 2022-23, nuestro Fondo de Oportunidades Acad\u00e9micas otorg\u00f3 m\u00e1s de $230,000, brindando oportunidades para la creatividad y la innovaci\u00f3n y ayudando a cerrar la brecha de financiamiento para 166 educadores y escuelas.<\/p>","protected":false},"author":3,"featured_media":8390,"comment_status":"closed","ping_status":"open","sticky":false,"template":"","format":"standard","meta":{"_acf_changed":false,"_monsterinsights_skip_tracking":false,"_monsterinsights_sitenote_active":false,"_monsterinsights_sitenote_note":"","_monsterinsights_sitenote_category":0,"footnotes":""},"categories":[93,77,68,74,67],"tags":[],"class_list":["post-8384","post","type-post","status-publish","format-standard","has-post-thumbnail","hentry","category-academic-opportunity","category-academic-opportunity-fund","category-mission-moments","category-news-page","category-what-we-do"],"acf":[],"yoast_head":"<!-- This site is optimized with the Yoast SEO plugin v27.4 - https:\/\/yoast.com\/product\/yoast-seo-wordpress\/ -->\n<title>How educator grants made a difference this year &#8211; Impact on Education<\/title>\n<meta name=\"description\" content=\"During the 2022-23 school year our Academic Opportunity Fund awarded over $230,000 in grants to educators and schools across BVSD.\" \/>\n<meta name=\"robots\" content=\"index, follow, max-snippet:-1, max-image-preview:large, max-video-preview:-1\" \/>\n<link rel=\"canonical\" href=\"https:\/\/www.impactoneducation.org\/es\/2023\/04\/12\/how-educator-grants-made-a-difference-this-year\/\" \/>\n<meta property=\"og:locale\" content=\"es_MX\" \/>\n<meta property=\"og:type\" content=\"article\" \/>\n<meta property=\"og:title\" content=\"How educator grants made a difference this year &#8211; Impact on Education\" \/>\n<meta property=\"og:description\" content=\"During the 2022-23 school year our Academic Opportunity Fund awarded over $230,000 in grants to educators and schools across BVSD.\" \/>\n<meta property=\"og:url\" content=\"https:\/\/www.impactoneducation.org\/es\/2023\/04\/12\/how-educator-grants-made-a-difference-this-year\/\" \/>\n<meta property=\"og:site_name\" content=\"Impact on Education\" \/>\n<meta property=\"article:publisher\" content=\"https:\/\/www.facebook.com\/ImpactonEducation\" \/>\n<meta property=\"article:published_time\" content=\"2023-04-12T18:25:00+00:00\" \/>\n<meta property=\"article:modified_time\" content=\"2023-09-13T19:43:18+00:00\" \/>\n<meta property=\"og:image\" content=\"https:\/\/www.impactoneducation.org\/wp-content\/uploads\/2023\/04\/aof-photography.png\" \/>\n\t<meta property=\"og:image:width\" content=\"300\" \/>\n\t<meta property=\"og:image:height\" content=\"250\" \/>\n\t<meta property=\"og:image:type\" content=\"image\/png\" \/>\n<meta name=\"author\" content=\"Catherine Wessling\" \/>\n<meta name=\"twitter:card\" content=\"summary_large_image\" \/>\n<meta name=\"twitter:image\" content=\"https:\/\/www.impactoneducation.org\/wp-content\/uploads\/2023\/04\/aof-photography.png\" \/>\n<meta name=\"twitter:creator\" content=\"@ImpactOnEd\" \/>\n<meta name=\"twitter:site\" content=\"@ImpactOnEd\" \/>\n<meta name=\"twitter:label1\" content=\"Escrito por\" \/>\n\t<meta name=\"twitter:data1\" content=\"Catherine Wessling\" \/>\n\t<meta name=\"twitter:label2\" content=\"Tiempo de lectura\" \/>\n\t<meta name=\"twitter:data2\" content=\"2 minutos\" \/>\n<script type=\"application\/ld+json\" class=\"yoast-schema-graph\">{\"@context\":\"https:\\\/\\\/schema.org\",\"@graph\":[{\"@type\":\"Article\",\"@id\":\"https:\\\/\\\/www.impactoneducation.org\\\/2023\\\/04\\\/12\\\/how-educator-grants-made-a-difference-this-year\\\/#article\",\"isPartOf\":{\"@id\":\"https:\\\/\\\/www.impactoneducation.org\\\/2023\\\/04\\\/12\\\/how-educator-grants-made-a-difference-this-year\\\/\"},\"author\":{\"name\":\"Catherine Wessling\",\"@id\":\"https:\\\/\\\/www.impactoneducation.org\\\/#\\\/schema\\\/person\\\/53d6cf23cef01a9acec9e8afc78177b2\"},\"headline\":\"How educator grants made a difference this year\",\"datePublished\":\"2023-04-12T18:25:00+00:00\",\"dateModified\":\"2023-09-13T19:43:18+00:00\",\"mainEntityOfPage\":{\"@id\":\"https:\\\/\\\/www.impactoneducation.org\\\/2023\\\/04\\\/12\\\/how-educator-grants-made-a-difference-this-year\\\/\"},\"wordCount\":308,\"publisher\":{\"@id\":\"https:\\\/\\\/www.impactoneducation.org\\\/#organization\"},\"image\":{\"@id\":\"https:\\\/\\\/www.impactoneducation.org\\\/2023\\\/04\\\/12\\\/how-educator-grants-made-a-difference-this-year\\\/#primaryimage\"},\"thumbnailUrl\":\"https:\\\/\\\/www.impactoneducation.org\\\/wp-content\\\/uploads\\\/2023\\\/04\\\/2023-Blog-Images_Website.png\",\"articleSection\":[\"Academic Opportunity\",\"Academic Opportunity Fund\",\"Mission Moments\",\"NEWS PAGE\",\"What We Do\"],\"inLanguage\":\"es\"},{\"@type\":\"WebPage\",\"@id\":\"https:\\\/\\\/www.impactoneducation.org\\\/2023\\\/04\\\/12\\\/how-educator-grants-made-a-difference-this-year\\\/\",\"url\":\"https:\\\/\\\/www.impactoneducation.org\\\/2023\\\/04\\\/12\\\/how-educator-grants-made-a-difference-this-year\\\/\",\"name\":\"How educator grants made a difference this year &#8211; Impact on Education\",\"isPartOf\":{\"@id\":\"https:\\\/\\\/www.impactoneducation.org\\\/#website\"},\"primaryImageOfPage\":{\"@id\":\"https:\\\/\\\/www.impactoneducation.org\\\/2023\\\/04\\\/12\\\/how-educator-grants-made-a-difference-this-year\\\/#primaryimage\"},\"image\":{\"@id\":\"https:\\\/\\\/www.impactoneducation.org\\\/2023\\\/04\\\/12\\\/how-educator-grants-made-a-difference-this-year\\\/#primaryimage\"},\"thumbnailUrl\":\"https:\\\/\\\/www.impactoneducation.org\\\/wp-content\\\/uploads\\\/2023\\\/04\\\/2023-Blog-Images_Website.png\",\"datePublished\":\"2023-04-12T18:25:00+00:00\",\"dateModified\":\"2023-09-13T19:43:18+00:00\",\"description\":\"During the 2022-23 school year our Academic Opportunity Fund awarded over $230,000 in grants to educators and schools across BVSD.\",\"breadcrumb\":{\"@id\":\"https:\\\/\\\/www.impactoneducation.org\\\/2023\\\/04\\\/12\\\/how-educator-grants-made-a-difference-this-year\\\/#breadcrumb\"},\"inLanguage\":\"es\",\"potentialAction\":[{\"@type\":\"ReadAction\",\"target\":[\"https:\\\/\\\/www.impactoneducation.org\\\/2023\\\/04\\\/12\\\/how-educator-grants-made-a-difference-this-year\\\/\"]}]},{\"@type\":\"ImageObject\",\"inLanguage\":\"es\",\"@id\":\"https:\\\/\\\/www.impactoneducation.org\\\/2023\\\/04\\\/12\\\/how-educator-grants-made-a-difference-this-year\\\/#primaryimage\",\"url\":\"https:\\\/\\\/www.impactoneducation.org\\\/wp-content\\\/uploads\\\/2023\\\/04\\\/2023-Blog-Images_Website.png\",\"contentUrl\":\"https:\\\/\\\/www.impactoneducation.org\\\/wp-content\\\/uploads\\\/2023\\\/04\\\/2023-Blog-Images_Website.png\",\"width\":1800,\"height\":900},{\"@type\":\"BreadcrumbList\",\"@id\":\"https:\\\/\\\/www.impactoneducation.org\\\/2023\\\/04\\\/12\\\/how-educator-grants-made-a-difference-this-year\\\/#breadcrumb\",\"itemListElement\":[{\"@type\":\"ListItem\",\"position\":1,\"name\":\"Home\",\"item\":\"https:\\\/\\\/www.impactoneducation.org\\\/\"},{\"@type\":\"ListItem\",\"position\":2,\"name\":\"How educator grants made a difference this year\"}]},{\"@type\":\"WebSite\",\"@id\":\"https:\\\/\\\/www.impactoneducation.org\\\/#website\",\"url\":\"https:\\\/\\\/www.impactoneducation.org\\\/\",\"name\":\"Impact on Education\",\"description\":\"Foundation for Boulder Valley Schools\",\"publisher\":{\"@id\":\"https:\\\/\\\/www.impactoneducation.org\\\/#organization\"},\"potentialAction\":[{\"@type\":\"SearchAction\",\"target\":{\"@type\":\"EntryPoint\",\"urlTemplate\":\"https:\\\/\\\/www.impactoneducation.org\\\/?s={search_term_string}\"},\"query-input\":{\"@type\":\"PropertyValueSpecification\",\"valueRequired\":true,\"valueName\":\"search_term_string\"}}],\"inLanguage\":\"es\"},{\"@type\":\"Organization\",\"@id\":\"https:\\\/\\\/www.impactoneducation.org\\\/#organization\",\"name\":\"Impact on Education\",\"url\":\"https:\\\/\\\/www.impactoneducation.org\\\/\",\"logo\":{\"@type\":\"ImageObject\",\"inLanguage\":\"es\",\"@id\":\"https:\\\/\\\/www.impactoneducation.org\\\/#\\\/schema\\\/logo\\\/image\\\/\",\"url\":\"https:\\\/\\\/www.impactoneducation.org\\\/wp-content\\\/uploads\\\/2020\\\/09\\\/Impact-logo-poly.png\",\"contentUrl\":\"https:\\\/\\\/www.impactoneducation.org\\\/wp-content\\\/uploads\\\/2020\\\/09\\\/Impact-logo-poly.png\",\"width\":3455,\"height\":890,\"caption\":\"Impact on Education\"},\"image\":{\"@id\":\"https:\\\/\\\/www.impactoneducation.org\\\/#\\\/schema\\\/logo\\\/image\\\/\"},\"sameAs\":[\"https:\\\/\\\/www.facebook.com\\\/ImpactonEducation\",\"https:\\\/\\\/x.com\\\/ImpactOnEd\",\"https:\\\/\\\/www.instagram.com\\\/impactoneducation\\\/\",\"https:\\\/\\\/www.youtube.com\\\/channel\\\/UCtCaQkVhXiowqiNrIXQ1Lkw\"]},{\"@type\":\"Person\",\"@id\":\"https:\\\/\\\/www.impactoneducation.org\\\/#\\\/schema\\\/person\\\/53d6cf23cef01a9acec9e8afc78177b2\",\"name\":\"Catherine Wessling\",\"image\":{\"@type\":\"ImageObject\",\"inLanguage\":\"es\",\"@id\":\"https:\\\/\\\/secure.gravatar.com\\\/avatar\\\/4a2b01991d3545378a3a7363d434e2407cbea881d07be7459f1b25271e64fa85?s=96&d=mm&r=g\",\"url\":\"https:\\\/\\\/secure.gravatar.com\\\/avatar\\\/4a2b01991d3545378a3a7363d434e2407cbea881d07be7459f1b25271e64fa85?s=96&d=mm&r=g\",\"contentUrl\":\"https:\\\/\\\/secure.gravatar.com\\\/avatar\\\/4a2b01991d3545378a3a7363d434e2407cbea881d07be7459f1b25271e64fa85?s=96&d=mm&r=g\",\"caption\":\"Catherine Wessling\"},\"url\":\"https:\\\/\\\/www.impactoneducation.org\\\/es\\\/author\\\/admin\\\/\"}]}<\/script>\n<!-- \/ Yoast SEO plugin. -->","yoast_head_json":{"title":"C\u00f3mo las subvenciones para educadores marcaron la diferencia este a\u00f1o \u2013 Impact on Education","description":"Durante el a\u00f1o escolar 2022-23, nuestro Fondo de Oportunidades Acad\u00e9micas otorg\u00f3 m\u00e1s de $$230,000 en subvenciones a educadores y escuelas en todo BVSD.","robots":{"index":"index","follow":"follow","max-snippet":"max-snippet:-1","max-image-preview":"max-image-preview:large","max-video-preview":"max-video-preview:-1"},"canonical":"https:\/\/www.impactoneducation.org\/es\/2023\/04\/12\/how-educator-grants-made-a-difference-this-year\/","og_locale":"es_MX","og_type":"article","og_title":"How educator grants made a difference this year &#8211; Impact on Education","og_description":"During the 2022-23 school year our Academic Opportunity Fund awarded over $230,000 in grants to educators and schools across BVSD.","og_url":"https:\/\/www.impactoneducation.org\/es\/2023\/04\/12\/how-educator-grants-made-a-difference-this-year\/","og_site_name":"Impact on Education","article_publisher":"https:\/\/www.facebook.com\/ImpactonEducation","article_published_time":"2023-04-12T18:25:00+00:00","article_modified_time":"2023-09-13T19:43:18+00:00","og_image":[{"width":300,"height":250,"url":"https:\/\/www.impactoneducation.org\/wp-content\/uploads\/2023\/04\/aof-photography.png","type":"image\/png"}],"author":"Catherine Wessling","twitter_card":"summary_large_image","twitter_image":"https:\/\/www.impactoneducation.org\/wp-content\/uploads\/2023\/04\/aof-photography.png","twitter_creator":"@ImpactOnEd","twitter_site":"@ImpactOnEd","twitter_misc":{"Escrito por":"Catherine Wessling","Tiempo de lectura":"2 minutos"},"schema":{"@context":"https:\/\/schema.org","@graph":[{"@type":"Article","@id":"https:\/\/www.impactoneducation.org\/2023\/04\/12\/how-educator-grants-made-a-difference-this-year\/#article","isPartOf":{"@id":"https:\/\/www.impactoneducation.org\/2023\/04\/12\/how-educator-grants-made-a-difference-this-year\/"},"author":{"name":"Catherine Wessling","@id":"https:\/\/www.impactoneducation.org\/#\/schema\/person\/53d6cf23cef01a9acec9e8afc78177b2"},"headline":"How educator grants made a difference this year","datePublished":"2023-04-12T18:25:00+00:00","dateModified":"2023-09-13T19:43:18+00:00","mainEntityOfPage":{"@id":"https:\/\/www.impactoneducation.org\/2023\/04\/12\/how-educator-grants-made-a-difference-this-year\/"},"wordCount":308,"publisher":{"@id":"https:\/\/www.impactoneducation.org\/#organization"},"image":{"@id":"https:\/\/www.impactoneducation.org\/2023\/04\/12\/how-educator-grants-made-a-difference-this-year\/#primaryimage"},"thumbnailUrl":"https:\/\/www.impactoneducation.org\/wp-content\/uploads\/2023\/04\/2023-Blog-Images_Website.png","articleSection":["Academic Opportunity","Academic Opportunity Fund","Mission Moments","NEWS PAGE","What We Do"],"inLanguage":"es"},{"@type":"WebPage","@id":"https:\/\/www.impactoneducation.org\/2023\/04\/12\/how-educator-grants-made-a-difference-this-year\/","url":"https:\/\/www.impactoneducation.org\/2023\/04\/12\/how-educator-grants-made-a-difference-this-year\/","name":"C\u00f3mo las subvenciones para educadores marcaron la diferencia este a\u00f1o \u2013 Impact on Education","isPartOf":{"@id":"https:\/\/www.impactoneducation.org\/#website"},"primaryImageOfPage":{"@id":"https:\/\/www.impactoneducation.org\/2023\/04\/12\/how-educator-grants-made-a-difference-this-year\/#primaryimage"},"image":{"@id":"https:\/\/www.impactoneducation.org\/2023\/04\/12\/how-educator-grants-made-a-difference-this-year\/#primaryimage"},"thumbnailUrl":"https:\/\/www.impactoneducation.org\/wp-content\/uploads\/2023\/04\/2023-Blog-Images_Website.png","datePublished":"2023-04-12T18:25:00+00:00","dateModified":"2023-09-13T19:43:18+00:00","description":"Durante el a\u00f1o escolar 2022-23, nuestro Fondo de Oportunidades Acad\u00e9micas otorg\u00f3 m\u00e1s de $$230,000 en subvenciones a educadores y escuelas en todo BVSD.","breadcrumb":{"@id":"https:\/\/www.impactoneducation.org\/2023\/04\/12\/how-educator-grants-made-a-difference-this-year\/#breadcrumb"},"inLanguage":"es","potentialAction":[{"@type":"ReadAction","target":["https:\/\/www.impactoneducation.org\/2023\/04\/12\/how-educator-grants-made-a-difference-this-year\/"]}]},{"@type":"ImageObject","inLanguage":"es","@id":"https:\/\/www.impactoneducation.org\/2023\/04\/12\/how-educator-grants-made-a-difference-this-year\/#primaryimage","url":"https:\/\/www.impactoneducation.org\/wp-content\/uploads\/2023\/04\/2023-Blog-Images_Website.png","contentUrl":"https:\/\/www.impactoneducation.org\/wp-content\/uploads\/2023\/04\/2023-Blog-Images_Website.png","width":1800,"height":900},{"@type":"BreadcrumbList","@id":"https:\/\/www.impactoneducation.org\/2023\/04\/12\/how-educator-grants-made-a-difference-this-year\/#breadcrumb","itemListElement":[{"@type":"ListItem","position":1,"name":"Home","item":"https:\/\/www.impactoneducation.org\/"},{"@type":"ListItem","position":2,"name":"How educator grants made a difference this year"}]},{"@type":"WebSite","@id":"https:\/\/www.impactoneducation.org\/#website","url":"https:\/\/www.impactoneducation.org\/","name":"Impacto en la educaci\u00f3n","description":"Fundaci\u00f3n para las Escuelas del Valle de Boulder","publisher":{"@id":"https:\/\/www.impactoneducation.org\/#organization"},"potentialAction":[{"@type":"SearchAction","target":{"@type":"EntryPoint","urlTemplate":"https:\/\/www.impactoneducation.org\/?s={search_term_string}"},"query-input":{"@type":"PropertyValueSpecification","valueRequired":true,"valueName":"search_term_string"}}],"inLanguage":"es"},{"@type":"Organization","@id":"https:\/\/www.impactoneducation.org\/#organization","name":"Impacto en la educaci\u00f3n","url":"https:\/\/www.impactoneducation.org\/","logo":{"@type":"ImageObject","inLanguage":"es","@id":"https:\/\/www.impactoneducation.org\/#\/schema\/logo\/image\/","url":"https:\/\/www.impactoneducation.org\/wp-content\/uploads\/2020\/09\/Impact-logo-poly.png","contentUrl":"https:\/\/www.impactoneducation.org\/wp-content\/uploads\/2020\/09\/Impact-logo-poly.png","width":3455,"height":890,"caption":"Impact on Education"},"image":{"@id":"https:\/\/www.impactoneducation.org\/#\/schema\/logo\/image\/"},"sameAs":["https:\/\/www.facebook.com\/ImpactonEducation","https:\/\/x.com\/ImpactOnEd","https:\/\/www.instagram.com\/impactoneducation\/","https:\/\/www.youtube.com\/channel\/UCtCaQkVhXiowqiNrIXQ1Lkw"]},{"@type":"Person","@id":"https:\/\/www.impactoneducation.org\/#\/schema\/person\/53d6cf23cef01a9acec9e8afc78177b2","name":"Catherine Wessling","image":{"@type":"ImageObject","inLanguage":"es","@id":"https:\/\/secure.gravatar.com\/avatar\/4a2b01991d3545378a3a7363d434e2407cbea881d07be7459f1b25271e64fa85?s=96&d=mm&r=g","url":"https:\/\/secure.gravatar.com\/avatar\/4a2b01991d3545378a3a7363d434e2407cbea881d07be7459f1b25271e64fa85?s=96&d=mm&r=g","contentUrl":"https:\/\/secure.gravatar.com\/avatar\/4a2b01991d3545378a3a7363d434e2407cbea881d07be7459f1b25271e64fa85?s=96&d=mm&r=g","caption":"Catherine Wessling"},"url":"https:\/\/www.impactoneducation.org\/es\/author\/admin\/"}]}},"_links":{"self":[{"href":"https:\/\/www.impactoneducation.org\/es\/wp-json\/wp\/v2\/posts\/8384","targetHints":{"allow":["GET"]}}],"collection":[{"href":"https:\/\/www.impactoneducation.org\/es\/wp-json\/wp\/v2\/posts"}],"about":[{"href":"https:\/\/www.impactoneducation.org\/es\/wp-json\/wp\/v2\/types\/post"}],"author":[{"embeddable":true,"href":"https:\/\/www.impactoneducation.org\/es\/wp-json\/wp\/v2\/users\/3"}],"replies":[{"embeddable":true,"href":"https:\/\/www.impactoneducation.org\/es\/wp-json\/wp\/v2\/comments?post=8384"}],"version-history":[{"count":11,"href":"https:\/\/www.impactoneducation.org\/es\/wp-json\/wp\/v2\/posts\/8384\/revisions"}],"predecessor-version":[{"id":9546,"href":"https:\/\/www.impactoneducation.org\/es\/wp-json\/wp\/v2\/posts\/8384\/revisions\/9546"}],"wp:featuredmedia":[{"embeddable":true,"href":"https:\/\/www.impactoneducation.org\/es\/wp-json\/wp\/v2\/media\/8390"}],"wp:attachment":[{"href":"https:\/\/www.impactoneducation.org\/es\/wp-json\/wp\/v2\/media?parent=8384"}],"wp:term":[{"taxonomy":"category","embeddable":true,"href":"https:\/\/www.impactoneducation.org\/es\/wp-json\/wp\/v2\/categories?post=8384"},{"taxonomy":"post_tag","embeddable":true,"href":"https:\/\/www.impactoneducation.org\/es\/wp-json\/wp\/v2\/tags?post=8384"}],"curies":[{"name":"gracias","href":"https:\/\/api.w.org\/{rel}","templated":true}]}}